{"id":379333,"date":"2016-03-10T11:41:34","date_gmt":"2016-03-10T17:41:34","guid":{"rendered":"http:\/\/www.futboltotal.com.mx\/?p=379333"},"modified":"2016-03-10T11:44:06","modified_gmt":"2016-03-10T17:44:06","slug":"ofreceran-mejora-contrato-a-keylor-navas","status":"publish","type":"post","link":"http:\/\/desarrollo.grupomedios.com\/futbol\/futbol-internacional\/ofreceran-mejora-contrato-a-keylor-navas\/2016\/03","title":{"rendered":"Keylor Navas\u2026 las vueltas que da el futbol"},"content":{"rendered":"<p>En el pasado verano no era considerado, pero ahora\u2026 El <strong>Real Madrid<\/strong> ofrecer\u00e1 una mejora de contrato a <strong>Keylor Navas<\/strong>, esto debido a las notables actuaciones que ha tenido el portero costarricenses en la presente temporada, desempe\u00f1o que lo ha convertido en uno de los pilares blancos tanto en liga como en Champions.<\/p>\n<p>A <strong>Keylor Navas<\/strong> le restan cuatro temporadas m\u00e1s de contrato con el <strong>Real Madrid<\/strong>, por lo que su mejora de contrato no implica una prolongaci\u00f3n, sino una recompensa salarial, ya que actualmente gana alrededor de dos millones de euros, una cifra bastante baja en comparaci\u00f3n a la mayor\u00eda de los jugadores del plantel.<\/p>\n<p style=\"text-align: center;\"><strong><a style=\"color: #3366ff;\" href=\"http:\/\/www.futboltotal.com.mx\/2016\/03\/real-madrid-busca-refuerzo-en-el-leverkusen\/\">LEER M\u00c1S: Real Madrid busca refuerzo en el Leverkusen<\/a><\/strong><\/p>\n<p>Adem\u00e1s, de la mejora de contrato, la prensa espa\u00f1ola apunta que\u00a0<strong>Zinedine Zidane<\/strong>, t\u00e9cnico del <strong>Real Madrid<\/strong>, contempla que\u00a0el <em>tico<\/em> sea el titular el curso que viene. De concretarse esta posibilidad,\u00a0se descartan los fichajes de David de Gea (Manchester United) o de Thibaut Courtois (Chelsea).<\/p>\n<p>El costarricense ha recibido 23 goles en 26 partidos de la Liga de Espa\u00f1a y mantuvo el arco <em>merengue<\/em> imbatido en nueve ocasiones. Mientras que en Champions ha mantenido su puerta en cero.<\/p>\n<p><strong>Keylor Navas<\/strong> fue fichado por el <strong>Real Madrid<\/strong> en 2014, despu\u00e9s de una soberbia actuaci\u00f3n en el Mundial de ese a\u00f1o; sin embargo, el <em>tico<\/em> no lo ha tenido f\u00e1cil. En su primera temporada vivi\u00f3 a la sombra de Iker Casillas, pues \u00fanicamente disput\u00f3 los encuentros menos importantes, por lo que estuvo a punto de abandonar la entidad <em>blanca <\/em>en el pasado verano.<\/p>\n<p style=\"text-align: center;\"><span style=\"color: #3366ff;\"><strong><a style=\"color: #3366ff;\" href=\"http:\/\/www.futboltotal.com.mx\/2016\/03\/edwin-cardona-en-la-mira-del-bayern-munich\/\">LEER M\u00c1S: Bayern Munich reactiva inter\u00e9s en Edwin Cardona<\/a><\/strong><\/span><\/p>\n<p>La intenci\u00f3n de la directiva <em>merengue<\/em> era enviarlo a Manchester y hacerse con los servicios del espa\u00f1ol David de Gea, pero los problemas del fax echaron al traste esta posibilidad.<\/p>\n<p>Lejos de dejarse llevar por la desidia, <strong>Keylor Navas<\/strong> le puso el pecho a las balas y ahora protagoniza una temporada destacada con el <strong>Real Madrid<\/strong>.<\/p>\n","protected":false},"excerpt":{"rendered":"<p>Real Madrid ofrecer\u00e1n mejora de contrato al portero tico<\/p>\n","protected":false},"author":20,"featured_media":379337,"comment_status":"closed","ping_status":"closed","sticky":false,"template":"","format":"standard","meta":[],"categories":[3839,3844,5951],"tags":[5590,5988],"_links":{"self":[{"href":"http:\/\/desarrollo.grupomedios.com\/futbol\/wp-json\/wp\/v2\/posts\/379333"}],"collection":[{"href":"http:\/\/desarrollo.grupomedios.com\/futbol\/wp-json\/wp\/v2\/posts"}],"about":[{"href":"http:\/\/desarrollo.grupomedios.com\/futbol\/wp-json\/wp\/v2\/types\/post"}],"author":[{"embeddable":true,"href":"http:\/\/desarrollo.grupomedios.com\/futbol\/wp-json\/wp\/v2\/users\/20"}],"replies":[{"embeddable":true,"href":"http:\/\/desarrollo.grupomedios.com\/futbol\/wp-json\/wp\/v2\/comments?post=379333"}],"version-history":[{"count":0,"href":"http:\/\/desarrollo.grupomedios.com\/futbol\/wp-json\/wp\/v2\/posts\/379333\/revisions"}],"wp:featuredmedia":[{"embeddable":true,"href":"http:\/\/desarrollo.grupomedios.com\/futbol\/wp-json\/wp\/v2\/media\/379337"}],"wp:attachment":[{"href":"http:\/\/desarrollo.grupomedios.com\/futbol\/wp-json\/wp\/v2\/media?parent=379333"}],"wp:term":[{"taxonomy":"category","embeddable":true,"href":"http:\/\/desarrollo.grupomedios.com\/futbol\/wp-json\/wp\/v2\/categories?post=379333"},{"taxonomy":"post_tag","embeddable":true,"href":"http:\/\/desarrollo.grupomedios.com\/futbol\/wp-json\/wp\/v2\/tags?post=379333"}],"curies":[{"name":"wp","href":"https:\/\/api.w.org\/{rel}","templated":true}]}}