{"id":379384,"date":"2016-03-10T14:13:15","date_gmt":"2016-03-10T20:13:15","guid":{"rendered":"http:\/\/www.futboltotal.com.mx\/?p=379384"},"modified":"2016-03-10T14:13:15","modified_gmt":"2016-03-10T20:13:15","slug":"rafael-nadal-acusado-dopaje","status":"publish","type":"post","link":"http:\/\/desarrollo.grupomedios.com\/futbol\/no-todo-es-futbol\/rafael-nadal-acusado-dopaje\/2016\/03","title":{"rendered":"Rafael Nadal, acusado de dopaje"},"content":{"rendered":"<p>Otro gran tenista es involucrado en temas de <strong>dopaje<\/strong>, la ex ministra francesa de Sanidad y Deportes, Roselyne Bachelot, acus\u00f3 al espa\u00f1ol <strong>Rafael Nadal<\/strong> de haber consumido sustancias prohibidas en 2012.<\/p>\n<p>\u201cSabemos que la famosa lesi\u00f3n de siete meses de <strong>Nadal<\/strong> es en realidad, debido a un positivo\u2026 Si ves a un jugador de tenis que se para durante muchos meses es porque ha dado positivo y porque se le ha encubierto. No es algo que ocurra siempre, pero si muy a menudo\u201d, dijo.<\/p>\n<p style=\"text-align: center;\"><span style=\"color: #3366ff;\"><strong><a style=\"color: #3366ff;\" href=\"http:\/\/www.futboltotal.com.mx\/2016\/03\/maria-sharapova-doping-positivo-en-abierto-australia\/\">LEER M\u00c1S: Sharapova, da positivo en d\u00f3ping<\/a><\/strong><\/span><\/p>\n<p><span style=\"color: #ff0000;\">\u201cSoy una persona completamente limpia\u201d<\/span> | <strong>Rafael Nadal<\/strong> neg\u00f3 por en\u00e9sima vez las acusaciones que lo persiguen desde hace ya algunos a\u00f1os.<\/p>\n<p>\u201cSoy una persona completamente limpia, nunca he tenido la tentaci\u00f3n de hacer algo malo. Creo en el deporte y sus valores\u201d, dijo el espa\u00f1ol, sin hacer ninguna referencia a las declaraciones de Bachelot.<\/p>\n<p>\u201cSon un ejemplo para los ni\u00f1os, y si yo hago algo que vaya contra eso, me estar\u00eda mintiendo a mi mismo, no a mis oponentes. He sido transparente toda mi carrera, nunca he tratado de esconder nada\u201d, agreg\u00f3.<\/p>\n<p style=\"text-align: center;\"><span style=\"color: #3366ff;\"><strong><a style=\"color: #3366ff;\" href=\"http:\/\/www.futboltotal.com.mx\/2016\/03\/nike-rompe-relacion-maria-sharapova\/\">LEER M\u00c1S: Nike rompe relaci\u00f3n con Mar\u00eda Sharapova<\/a><\/strong><\/span><\/p>\n<p><strong>Rafael Nadal<\/strong> explic\u00f3 que su periodo de ausencia en el tenis fue debido a experimentos con nuevos tratamientos para solucionar sus lesiones.<\/p>\n<p>En ese sentido, cabe apuntar que no es la primera vez que el tenista espa\u00f1ol recibe acusaciones de este tipo, a lo largo de su carrera ha tenido que negar que haya consumido alguna sustancia prohibida, ya sea para mejorar su rendimiento personal o para acelerar procesos de recuperaci\u00f3n de lesiones.<\/p>\n<p>El <strong>dopaje<\/strong> es el principal debate en el mundo del tenis en los \u00faltimos d\u00edas despu\u00e9s de que <a href=\"http:\/\/www.futboltotal.com.mx\/2016\/03\/maria-sharapova-doping-positivo-en-abierto-australia\/\" target=\"_blank\">Mar\u00eda Sharapova acept\u00f3 haber ingerido sustancias prohibidas<\/a>.<\/p>\n","protected":false},"excerpt":{"rendered":"<p>El tenista espa\u00f1ol responde de manera categ\u00f3rica<\/p>\n","protected":false},"author":20,"featured_media":379390,"comment_status":"closed","ping_status":"closed","sticky":false,"template":"","format":"standard","meta":[],"categories":[5418],"tags":[5841,5461],"_links":{"self":[{"href":"http:\/\/desarrollo.grupomedios.com\/futbol\/wp-json\/wp\/v2\/posts\/379384"}],"collection":[{"href":"http:\/\/desarrollo.grupomedios.com\/futbol\/wp-json\/wp\/v2\/posts"}],"about":[{"href":"http:\/\/desarrollo.grupomedios.com\/futbol\/wp-json\/wp\/v2\/types\/post"}],"author":[{"embeddable":true,"href":"http:\/\/desarrollo.grupomedios.com\/futbol\/wp-json\/wp\/v2\/users\/20"}],"replies":[{"embeddable":true,"href":"http:\/\/desarrollo.grupomedios.com\/futbol\/wp-json\/wp\/v2\/comments?post=379384"}],"version-history":[{"count":0,"href":"http:\/\/desarrollo.grupomedios.com\/futbol\/wp-json\/wp\/v2\/posts\/379384\/revisions"}],"wp:featuredmedia":[{"embeddable":true,"href":"http:\/\/desarrollo.grupomedios.com\/futbol\/wp-json\/wp\/v2\/media\/379390"}],"wp:attachment":[{"href":"http:\/\/desarrollo.grupomedios.com\/futbol\/wp-json\/wp\/v2\/media?parent=379384"}],"wp:term":[{"taxonomy":"category","embeddable":true,"href":"http:\/\/desarrollo.grupomedios.com\/futbol\/wp-json\/wp\/v2\/categories?post=379384"},{"taxonomy":"post_tag","embeddable":true,"href":"http:\/\/desarrollo.grupomedios.com\/futbol\/wp-json\/wp\/v2\/tags?post=379384"}],"curies":[{"name":"wp","href":"https:\/\/api.w.org\/{rel}","templated":true}]}}