{"id":379447,"date":"2016-03-10T16:11:40","date_gmt":"2016-03-10T22:11:40","guid":{"rendered":"http:\/\/www.futboltotal.com.mx\/?p=379447"},"modified":"2016-03-10T16:11:40","modified_gmt":"2016-03-10T22:11:40","slug":"5-polemicas-angel-reyna-2","status":"publish","type":"post","link":"http:\/\/desarrollo.grupomedios.com\/futbol\/videos\/5-polemicas-angel-reyna-2\/2016\/03","title":{"rendered":"Top 5 | Las pol\u00e9micas de \u00c1ngel Reyna"},"content":{"rendered":"<p>Este jueves 10 de marzo, la directiva de <strong><a href=\"http:\/\/www.futboltotal.com.mx\/equipos\/guadalajara\/\" target=\"_blank\">Chivas<\/a><\/strong> dio a conocer que la relaci\u00f3n contractual del cuadro rojiblanco con <strong>\u00c1ngel Reyna<\/strong>, ha terminado definitivamente; por lo que el volante, dejar\u00e1 de recibir sueldo del Grupo Omnilife.<\/p>\n<p>A <strong>\u00c1ngel Reyna<\/strong> s\u00f3lo le resta encontrar equipo, y su mejor opci\u00f3n es la MLS, una de las pocas ligas donde a\u00fan se pueden registrar jugadores.<\/p>\n<p style=\"text-align: center;\"><span style=\"color: #3366ff;\"><strong><a style=\"color: #3366ff;\" href=\"http:\/\/www.futboltotal.com.mx\/2016\/03\/angel-reyna-fuera-de-chivas\/\" target=\"_blank\">LEER M\u00c1S: \u00c1ngel Reyna, fuera de Chivas definitivamente<\/a><\/strong><\/span><\/p>\n<p>Tras finalizar la relaci\u00f3n del <em>Pleititos<\/em> con las <strong>Chivas<\/strong>, y por ende, la actividad del volante en la Liga MX, recordamos las 5 pol\u00e9micas m\u00e1s destacadas de <strong>\u00c1ngel Reyna.<\/strong><\/p>\n<p><span style=\"color: #ff0000;\">VIDEO: Las pol\u00e9micas de \u00c1ngel Reyna<\/span><\/p>\n<p>[video_player]https:\/\/player.vimeo.com\/external\/136974293.sd.mp4?s=292c0a5e5775976bb13e45b330add6ec&amp;profile_id=112[\/video_player]<\/p>\n","protected":false},"excerpt":{"rendered":"<p>&#8220;Pleititos&#8221; termin\u00f3 su relaci\u00f3n con Chivas<\/p>\n","protected":false},"author":20,"featured_media":379463,"comment_status":"closed","ping_status":"closed","sticky":false,"template":"","format":"standard","meta":[],"categories":[2198,3845,6381,4],"tags":[1659,70],"_links":{"self":[{"href":"http:\/\/desarrollo.grupomedios.com\/futbol\/wp-json\/wp\/v2\/posts\/379447"}],"collection":[{"href":"http:\/\/desarrollo.grupomedios.com\/futbol\/wp-json\/wp\/v2\/posts"}],"about":[{"href":"http:\/\/desarrollo.grupomedios.com\/futbol\/wp-json\/wp\/v2\/types\/post"}],"author":[{"embeddable":true,"href":"http:\/\/desarrollo.grupomedios.com\/futbol\/wp-json\/wp\/v2\/users\/20"}],"replies":[{"embeddable":true,"href":"http:\/\/desarrollo.grupomedios.com\/futbol\/wp-json\/wp\/v2\/comments?post=379447"}],"version-history":[{"count":0,"href":"http:\/\/desarrollo.grupomedios.com\/futbol\/wp-json\/wp\/v2\/posts\/379447\/revisions"}],"wp:featuredmedia":[{"embeddable":true,"href":"http:\/\/desarrollo.grupomedios.com\/futbol\/wp-json\/wp\/v2\/media\/379463"}],"wp:attachment":[{"href":"http:\/\/desarrollo.grupomedios.com\/futbol\/wp-json\/wp\/v2\/media?parent=379447"}],"wp:term":[{"taxonomy":"category","embeddable":true,"href":"http:\/\/desarrollo.grupomedios.com\/futbol\/wp-json\/wp\/v2\/categories?post=379447"},{"taxonomy":"post_tag","embeddable":true,"href":"http:\/\/desarrollo.grupomedios.com\/futbol\/wp-json\/wp\/v2\/tags?post=379447"}],"curies":[{"name":"wp","href":"https:\/\/api.w.org\/{rel}","templated":true}]}}