{"id":379474,"date":"2016-03-10T16:48:52","date_gmt":"2016-03-10T22:48:52","guid":{"rendered":"http:\/\/www.futboltotal.com.mx\/?p=379474"},"modified":"2016-03-10T16:51:44","modified_gmt":"2016-03-10T22:51:44","slug":"la-reaccion-angel-reyna-tras-salir-chivas","status":"publish","type":"post","link":"http:\/\/desarrollo.grupomedios.com\/futbol\/futbol-mexicano\/la-reaccion-angel-reyna-tras-salir-chivas\/2016\/03","title":{"rendered":"Pr\u00f3ximamente, aclarar\u00e9 los enga\u00f1os: \u00c1ngel Reyna"},"content":{"rendered":"<p>Este jueves 10 de marzo, <strong><a href=\"http:\/\/www.futboltotal.com.mx\/equipos\/guadalajara\/\" target=\"_blank\">Chivas<\/a><\/strong> dio a conocer, a trav\u00e9s de un comunicado, que la relaci\u00f3n contractual entre la escuadra <em>rojiblanca<\/em> y <strong>\u00c1ngel Reyna<\/strong>, ha terminado definitivamente; situaci\u00f3n que acapar\u00f3 la atenci\u00f3n de la afici\u00f3n y prensa deportiva.<\/p>\n<p>Ante el pronunciamiento de <strong>Chivas<\/strong>, <strong>\u00c1ngel Reyna<\/strong> env\u00edo un mensaje a trav\u00e9s de su cuenta de Twitter, donde agradece a la directiva del <em>Reba\u00f1o Sagrado<\/em>, a Jorge Vergara, al plantel y a la afici\u00f3n, por el apoyo mostrado durante su estad\u00eda en el club <em>tapat\u00edo.<\/em><\/p>\n<p style=\"text-align: center;\"><span style=\"color: #3366ff;\"><strong><a style=\"color: #3366ff;\" href=\"http:\/\/www.futboltotal.com.mx\/2016\/03\/angel-reyna-fuera-de-chivas\/\" target=\"_blank\">LEER M\u00c1S: \u00c1ngel Reyna termina relaci\u00f3n con Chivas<\/a><\/strong><\/span><\/p>\n<p>Pero en el mensaje, <strong>\u00c1ngel Reyna<\/strong> tambi\u00e9n env\u00eda una advertencia, pues se\u00f1ala que hubo rumores sobre \u00e9l durante el tiempo en que perteneci\u00f3 a <strong>Chivas<\/strong>, que fueron inventados; por ello explica, que pr\u00f3ximamente aclarar\u00e1 todo lo que se dijo.<\/p>\n<p>Este es el comunicado que <strong>\u00c1ngel Reyna<\/strong> comparti\u00f3 a trav\u00e9s de su cuenta de Twitter:<\/p>\n<p><a href=\"http:\/\/www.futboltotal.com.mx\/wp-content\/uploads\/2016\/03\/Angel-reyna-responde-tras-salida-de-chivas.png\" rel=\"attachment wp-att-379489\"><img decoding=\"async\" loading=\"lazy\" class=\"aligncenter wp-image-379489 size-full\" src=\"http:\/\/www.futboltotal.com.mx\/wp-content\/uploads\/2016\/03\/Angel-reyna-responde-tras-salida-de-chivas.png\" alt=\"Angel reyna responde tras salida de chivas\" srcset=\"http:\/\/desarrollo.grupomedios.com\/futbol\/wp-content\/uploads\/2016\/03\/Angel-reyna-responde-tras-salida-de-chivas.png 293w, http:\/\/desarrollo.grupomedios.com\/futbol\/wp-content\/uploads\/2016\/03\/Angel-reyna-responde-tras-salida-de-chivas-189x300.png 189w\" sizes=\"(max-width: 293px) 100vw, 293px\" \/><\/a><\/p>\n<p><span style=\"color: #ff0000;\">VIDEO: Las pol\u00e9micas de \u00c1ngel Reyna<\/span><\/p>\n<p>[video_player]https:\/\/player.vimeo.com\/external\/136974293.sd.mp4?s=292c0a5e5775976bb13e45b330add6ec&amp;profile_id=112[\/video_player]<\/p>\n","protected":false},"excerpt":{"rendered":"<p>El futbolista env\u00eda mensaje tras salir de Chivas<\/p>\n","protected":false},"author":20,"featured_media":379502,"comment_status":"closed","ping_status":"closed","sticky":false,"template":"","format":"standard","meta":[],"categories":[2198,3845,5950],"tags":[1659,70,64],"_links":{"self":[{"href":"http:\/\/desarrollo.grupomedios.com\/futbol\/wp-json\/wp\/v2\/posts\/379474"}],"collection":[{"href":"http:\/\/desarrollo.grupomedios.com\/futbol\/wp-json\/wp\/v2\/posts"}],"about":[{"href":"http:\/\/desarrollo.grupomedios.com\/futbol\/wp-json\/wp\/v2\/types\/post"}],"author":[{"embeddable":true,"href":"http:\/\/desarrollo.grupomedios.com\/futbol\/wp-json\/wp\/v2\/users\/20"}],"replies":[{"embeddable":true,"href":"http:\/\/desarrollo.grupomedios.com\/futbol\/wp-json\/wp\/v2\/comments?post=379474"}],"version-history":[{"count":0,"href":"http:\/\/desarrollo.grupomedios.com\/futbol\/wp-json\/wp\/v2\/posts\/379474\/revisions"}],"wp:featuredmedia":[{"embeddable":true,"href":"http:\/\/desarrollo.grupomedios.com\/futbol\/wp-json\/wp\/v2\/media\/379502"}],"wp:attachment":[{"href":"http:\/\/desarrollo.grupomedios.com\/futbol\/wp-json\/wp\/v2\/media?parent=379474"}],"wp:term":[{"taxonomy":"category","embeddable":true,"href":"http:\/\/desarrollo.grupomedios.com\/futbol\/wp-json\/wp\/v2\/categories?post=379474"},{"taxonomy":"post_tag","embeddable":true,"href":"http:\/\/desarrollo.grupomedios.com\/futbol\/wp-json\/wp\/v2\/tags?post=379474"}],"curies":[{"name":"wp","href":"https:\/\/api.w.org\/{rel}","templated":true}]}}