{"id":379478,"date":"2016-03-10T16:42:55","date_gmt":"2016-03-10T22:42:55","guid":{"rendered":"http:\/\/www.futboltotal.com.mx\/?p=379478"},"modified":"2016-03-10T16:42:55","modified_gmt":"2016-03-10T22:42:55","slug":"los-jugadores-indeseados-la-liga-mx","status":"publish","type":"post","link":"http:\/\/desarrollo.grupomedios.com\/futbol\/futbol-mexicano\/los-jugadores-indeseados-la-liga-mx\/2016\/03","title":{"rendered":"Los jugadores \u201cindeseados\u201d de la Liga MX"},"content":{"rendered":"<p>En ocasiones, hay jugadores que logran ganarse el cari\u00f1o ya sea de forma inmediata o bien a largo plazo, mientras que otros siguen un proceso similar pero con el odio. En este segundo plano aparece el caso de <strong>\u00c1ngel Reyna<\/strong>, quien ilusion\u00f3 a su llegada a <strong><a href=\"http:\/\/www.futboltotal.com.mx\/equipos\/guadalajara\/\" target=\"_blank\">Chivas<\/a><\/strong>, pero sus indisciplinas lo marginaron a tal grado que la directiva anunci\u00f3 su salida, para convertirse en un \u201cindeseado\u201d de la <strong><a href=\"http:\/\/www.futboltotal.com.mx\/futbol-mexicano\/\" target=\"_blank\">Liga MX<\/a><\/strong>, tema del cual te presentamos cinco situaciones as\u00ed del Clausura 2016.<\/p>\n<p><span style=\"color: #ff0000;\"><strong>\u00c1ngel Reyna<\/strong><\/span> | Desde que fuera campe\u00f3n de goleo en el Clausura 2011, la carrera del delantero va a pique, pues si bien en Veracruz tom\u00f3 su segundo aire, las indisciplinas le cerraron las puertas. Pese a que logr\u00f3 arribar a Chivas, poca fue su contribuci\u00f3n en lo deportivo que el mismo Jorge Vergara se\u00f1al\u00f3 en meses anteriores que no se pod\u00eda hacer un gran balance del jugador en el certamen. Luego de semanas de incertidumbre, <a href=\"http:\/\/www.futboltotal.com.mx\/2016\/03\/angel-reyna-fuera-de-chivas\/\" target=\"_blank\">el <em>Reba\u00f1o Sagrado<\/em> anunci\u00f3 su salida<\/a>.<\/p>\n<p><a href=\"http:\/\/www.futboltotal.com.mx\/wp-content\/uploads\/2016\/03\/angel-reyna-chivas-dan-de-baja-1.jpg\" rel=\"attachment wp-att-379481\"><img decoding=\"async\" loading=\"lazy\" class=\"alignnone size-full wp-image-379481\" src=\"http:\/\/www.futboltotal.com.mx\/wp-content\/uploads\/2016\/03\/angel-reyna-chivas-dan-de-baja-1.jpg\" alt=\"angel-reyna-chivas-dan-de-baja-1\" srcset=\"http:\/\/desarrollo.grupomedios.com\/futbol\/wp-content\/uploads\/2016\/03\/angel-reyna-chivas-dan-de-baja-1.jpg 820w, http:\/\/desarrollo.grupomedios.com\/futbol\/wp-content\/uploads\/2016\/03\/angel-reyna-chivas-dan-de-baja-1-300x128.jpg 300w, http:\/\/desarrollo.grupomedios.com\/futbol\/wp-content\/uploads\/2016\/03\/angel-reyna-chivas-dan-de-baja-1-768x328.jpg 768w\" sizes=\"(max-width: 820px) 100vw, 820px\" \/><\/a><\/p>\n<p><span style=\"color: #ff0000;\"><strong>Marco Palacios<\/strong><\/span> | El defensa port\u00f3 la camiseta de Pumas durante a\u00f1os, pero al final se fue al Morelia en calidad de pr\u00e9stamo. En un principio se perfilaba para ser titular, lo cual no sucedi\u00f3 y su participaci\u00f3n se qued\u00f3 en la Copa MX. Al t\u00e9rmino del Apertura 2015, expir\u00f3 la cesi\u00f3n del <em>Pikol\u00edn<\/em> con los <em>Monarcas<\/em> que por su parte decidi\u00f3 no hacer v\u00e1lida la opci\u00f3n de compra, por eso el zaguero regres\u00f3 al Pedregal pero no entr\u00f3 en los planes.<\/p>\n<p><a href=\"http:\/\/www.futboltotal.com.mx\/wp-content\/uploads\/2016\/03\/angel-reyna-chivas-dan-de-baja-2.jpg\" rel=\"attachment wp-att-379482\"><img decoding=\"async\" loading=\"lazy\" class=\"alignnone size-full wp-image-379482\" src=\"http:\/\/www.futboltotal.com.mx\/wp-content\/uploads\/2016\/03\/angel-reyna-chivas-dan-de-baja-2.jpg\" alt=\"angel-reyna-chivas-dan-de-baja-2\" srcset=\"http:\/\/desarrollo.grupomedios.com\/futbol\/wp-content\/uploads\/2016\/03\/angel-reyna-chivas-dan-de-baja-2.jpg 820w, http:\/\/desarrollo.grupomedios.com\/futbol\/wp-content\/uploads\/2016\/03\/angel-reyna-chivas-dan-de-baja-2-300x128.jpg 300w, http:\/\/desarrollo.grupomedios.com\/futbol\/wp-content\/uploads\/2016\/03\/angel-reyna-chivas-dan-de-baja-2-768x328.jpg 768w\" sizes=\"(max-width: 820px) 100vw, 820px\" \/><\/a><\/p>\n<p><span style=\"color: #ff0000;\"><strong>Miguel Sabah<\/strong><\/span> | Con Le\u00f3n pas\u00f3 a segundo plano principalmente por las lesiones, pese a que en la recta final estaba listo para tener actividad, ning\u00fan club\u00a0del m\u00e1ximo circuito le abri\u00f3 las puertas y por eso le quedaron dos opciones: jugar en el Ascenso MX o el retiro, \u00e9sta \u00faltima fue su decisi\u00f3n.<\/p>\n<p><a href=\"http:\/\/www.futboltotal.com.mx\/wp-content\/uploads\/2016\/03\/angel-reyna-chivas-dan-de-baja-3.jpg\" rel=\"attachment wp-att-379483\"><img decoding=\"async\" loading=\"lazy\" class=\"alignnone size-full wp-image-379483\" src=\"http:\/\/www.futboltotal.com.mx\/wp-content\/uploads\/2016\/03\/angel-reyna-chivas-dan-de-baja-3.jpg\" alt=\"angel-reyna-chivas-dan-de-baja-3\" srcset=\"http:\/\/desarrollo.grupomedios.com\/futbol\/wp-content\/uploads\/2016\/03\/angel-reyna-chivas-dan-de-baja-3.jpg 820w, http:\/\/desarrollo.grupomedios.com\/futbol\/wp-content\/uploads\/2016\/03\/angel-reyna-chivas-dan-de-baja-3-300x128.jpg 300w, http:\/\/desarrollo.grupomedios.com\/futbol\/wp-content\/uploads\/2016\/03\/angel-reyna-chivas-dan-de-baja-3-768x328.jpg 768w\" sizes=\"(max-width: 820px) 100vw, 820px\" \/><\/a><\/p>\n<p><span style=\"color: #ff0000;\"><strong>Alfredo Moreno<\/strong><\/span> | \u00danicamente sum\u00f3 132 minutos en el Apertura 2015, por ello su salida de Xolos era inminente. En primera instancia, Dorados se perfil\u00f3 como su paradero e incluso lo anunci\u00f3 como refuerzo, pero tiempo despu\u00e9s se ech\u00f3 para atr\u00e1s y Celaya se hizo con sus servicios, actualmente el <em>Chango<\/em>\u00a0presume cuatro anotaciones en nueve partidos con los <em>Toros<\/em>.<\/p>\n<p><a href=\"http:\/\/www.futboltotal.com.mx\/wp-content\/uploads\/2016\/03\/angel-reyna-chivas-dan-de-baja-4.jpg\" rel=\"attachment wp-att-379485\"><img decoding=\"async\" loading=\"lazy\" class=\"alignnone size-full wp-image-379485\" src=\"http:\/\/www.futboltotal.com.mx\/wp-content\/uploads\/2016\/03\/angel-reyna-chivas-dan-de-baja-4.jpg\" alt=\"angel-reyna-chivas-dan-de-baja-4\" srcset=\"http:\/\/desarrollo.grupomedios.com\/futbol\/wp-content\/uploads\/2016\/03\/angel-reyna-chivas-dan-de-baja-4.jpg 820w, http:\/\/desarrollo.grupomedios.com\/futbol\/wp-content\/uploads\/2016\/03\/angel-reyna-chivas-dan-de-baja-4-300x128.jpg 300w, http:\/\/desarrollo.grupomedios.com\/futbol\/wp-content\/uploads\/2016\/03\/angel-reyna-chivas-dan-de-baja-4-768x328.jpg 768w\" sizes=\"(max-width: 820px) 100vw, 820px\" \/><\/a><\/p>\n<p><span style=\"color: #ff0000;\"><strong>Anibal Zurdo<\/strong> <\/span>| Lleg\u00f3 con sed de revancha tras un ef\u00edmero paso por Cruz Azul, sin embargo, el ariete no pudo triunfar en la Liga MX, ya que en Veracruz consigui\u00f3 apenas una anotaci\u00f3n en el Apertura 2015 (270 minutos) y si bien regres\u00f3 a la Segunda Divisi\u00f3n de Espa\u00f1a argumentando que \u201catender\u00eda problemas personales\u201d, la realidad es que tampoco entraba en los planes de los jarochos.<\/p>\n<p><a href=\"http:\/\/www.futboltotal.com.mx\/wp-content\/uploads\/2016\/03\/angel-reyna-chivas-dan-de-baja-5.jpg\" rel=\"attachment wp-att-379486\"><img decoding=\"async\" loading=\"lazy\" class=\"alignnone size-full wp-image-379486\" src=\"http:\/\/www.futboltotal.com.mx\/wp-content\/uploads\/2016\/03\/angel-reyna-chivas-dan-de-baja-5.jpg\" alt=\"angel-reyna-chivas-dan-de-baja-5\" srcset=\"http:\/\/desarrollo.grupomedios.com\/futbol\/wp-content\/uploads\/2016\/03\/angel-reyna-chivas-dan-de-baja-5.jpg 820w, http:\/\/desarrollo.grupomedios.com\/futbol\/wp-content\/uploads\/2016\/03\/angel-reyna-chivas-dan-de-baja-5-300x128.jpg 300w, http:\/\/desarrollo.grupomedios.com\/futbol\/wp-content\/uploads\/2016\/03\/angel-reyna-chivas-dan-de-baja-5-768x328.jpg 768w\" sizes=\"(max-width: 820px) 100vw, 820px\" \/><\/a><\/p>\n<p><strong><span style=\"color: #ff0000;\">VIDEO: Agenda de TV | Jornada 10 del Clausura 2016:<\/span><\/strong><\/p>\n<p>[video_player]https:\/\/player.vimeo.com\/external\/158202361.hd.mp4?s=139d3973bfda836b3a1fc471c10b29115141b2f5&amp;profile_id=113[\/video_player]<\/p>\n","protected":false},"excerpt":{"rendered":"<p>\u00c1ngel Reyna no es el primero al que le cierran las puertas<\/p>\n","protected":false},"author":20,"featured_media":379487,"comment_status":"closed","ping_status":"closed","sticky":false,"template":"","format":"standard","meta":[],"categories":[2198,3845,5950],"tags":[1659,70],"_links":{"self":[{"href":"http:\/\/desarrollo.grupomedios.com\/futbol\/wp-json\/wp\/v2\/posts\/379478"}],"collection":[{"href":"http:\/\/desarrollo.grupomedios.com\/futbol\/wp-json\/wp\/v2\/posts"}],"about":[{"href":"http:\/\/desarrollo.grupomedios.com\/futbol\/wp-json\/wp\/v2\/types\/post"}],"author":[{"embeddable":true,"href":"http:\/\/desarrollo.grupomedios.com\/futbol\/wp-json\/wp\/v2\/users\/20"}],"replies":[{"embeddable":true,"href":"http:\/\/desarrollo.grupomedios.com\/futbol\/wp-json\/wp\/v2\/comments?post=379478"}],"version-history":[{"count":0,"href":"http:\/\/desarrollo.grupomedios.com\/futbol\/wp-json\/wp\/v2\/posts\/379478\/revisions"}],"wp:featuredmedia":[{"embeddable":true,"href":"http:\/\/desarrollo.grupomedios.com\/futbol\/wp-json\/wp\/v2\/media\/379487"}],"wp:attachment":[{"href":"http:\/\/desarrollo.grupomedios.com\/futbol\/wp-json\/wp\/v2\/media?parent=379478"}],"wp:term":[{"taxonomy":"category","embeddable":true,"href":"http:\/\/desarrollo.grupomedios.com\/futbol\/wp-json\/wp\/v2\/categories?post=379478"},{"taxonomy":"post_tag","embeddable":true,"href":"http:\/\/desarrollo.grupomedios.com\/futbol\/wp-json\/wp\/v2\/tags?post=379478"}],"curies":[{"name":"wp","href":"https:\/\/api.w.org\/{rel}","templated":true}]}}