{"id":379640,"date":"2016-03-11T10:14:32","date_gmt":"2016-03-11T16:14:32","guid":{"rendered":"http:\/\/www.futboltotal.com.mx\/?p=379640"},"modified":"2016-03-11T11:33:05","modified_gmt":"2016-03-11T17:33:05","slug":"cinco-retos-de-memo-ochoa-en-el-malaga","status":"publish","type":"post","link":"http:\/\/desarrollo.grupomedios.com\/futbol\/destacado-home\/cinco-retos-de-memo-ochoa-en-el-malaga\/2016\/03","title":{"rendered":"Cinco retos de Memo Ochoa en el M\u00e1laga"},"content":{"rendered":"<p>El d\u00eda m\u00e1s esperado para <b>Guillermo Ochoa<\/b> lleg\u00f3: disputa su primer partido como titular en liga con el <b>M\u00e1laga<\/b>. Se plantar\u00e1 en La Rosaleda, ante la afici\u00f3n andaluz, para enfrentar al Sporting de Gij\u00f3n en una\u00a0batalla que tiene destellos de una final<i>,\u00a0<\/i>toda vez que los tres puntos implican para el M\u00e1laga seguir vivo en las aspiraciones matem\u00e1ticas en busca de puestos europeos y para el Sporting un tanque de ox\u00edgeno en la lucha por el descenso.<\/p>\n<p><b>Ochoa<\/b>\u00a0inicia un breve e intenso camino en el que no tiene margen de error y debe lucir impecable si es que desea recobrar sensaciones en el \u00faltimo tramo de la actual temporada y divisar un verano esperanzador en el que pueda dejar huella con el conjunto andaluz y a consecuencia ser parte de la selecci\u00f3n mexicana en la Copa Am\u00e9rica Centenario.<\/p>\n<p>As\u00ed pues, repasamos cinco retos del arquero mexicano a contrarreloj.<\/p>\n<p><span style=\"color: #ff0000;\">Convencer totalmente a Javi Gracia<\/span><\/p>\n<p>El entrenador del <strong>M\u00e1laga<\/strong> argument\u00f3 que si Carlos Kameni siempre ha sido titular fue por dos razones: &#8220;Trabaj\u00e9 desde la pretemporada con \u00e9l y tiene un gran nivel&#8221;. Sin embargo admite que\u00a0&#8220;Guille\u00a0siempre que ha actuado ha demostrado su nivel&#8221;.<\/p>\n<p>A partir de ahora y mientras el camerun\u00e9s se recupere &#8211; aproximadamente seis semanas- el mexicano deber\u00e1 mostrar que no ha perdido el calibre y puede rendir tanto como Kameni, quien le neg\u00f3 el gol al Sevilla, Real Madrid, Athletic y Atl\u00e9tico, colaborando para que los andaluces sean tras 28 jornadas la quinta mejor defensa del torneo. La \u00faltima palabra sobre quien ser\u00e1 el titular en el ep\u00edlogo del curso ser\u00e1 Javi Gracia.<\/p>\n<p><span style=\"color: #ff0000;\">Recobrar confianza y protagonismo<\/span><\/p>\n<p>En los dos a\u00f1os que lleva en el M\u00e1laga y hasta antes de relevar a Kameni ante el Deportivo, el refugio del mexicano fue la Copa del Rey. Con ocho partidos disputados -dos de ellos imbatido- y nueve goles recibidos, apenas pudo mostrarse. Ochoa necesita ser un muro, como aquel que fue en varias ocasiones con el Ajaccio y mereci\u00f3 en un partido del 2013 contra el l\u00edder de la competici\u00f3n, el PSG, la cr\u00edtica del entonces estratega de los parisinos, Carlo Ancelotti: &#8220;No solo fall\u00f3 Zlatan y la delantera, el portero tuvo su m\u00e9rito, cuando hubo oportunidades hizo buenas paradas. Eso nos cost\u00f3 un 0-0&#8221;.<\/p>\n<p style=\"text-align: center;\"><span style=\"color: #3366ff;\"><strong><a style=\"color: #3366ff;\" href=\"http:\/\/www.futboltotal.com.mx\/2016\/03\/marco-fabian-mexicanos-descendieron-en-europa\/\">LEER M\u00c1S: Mexicanos que descendieron en Europa<\/a><\/strong><\/span><\/p>\n<p><span style=\"color: #ff0000;\">Ser un l\u00edder total<\/span><\/p>\n<p>&#8220;En el vestuario del M\u00e1laga se quiere al portero internacional mexicano, t\u00edmido y callado, pero muy trabajador. Roque Santa Cruz, por su experiencia y calidad humana, se convirti\u00f3 en su apoyo dentro de la caseta&#8221;, revel\u00f3 hace unos d\u00edas el diario <em>El Pa\u00eds. <\/em><\/p>\n<p>Con el respaldo de sus compa\u00f1eros y el t\u00e9cnico, Ochoa tiene amplias posibilidades para fortalecer y ejercer un liderazgo pleno en la cancha.\u00a0 \u00a0Ya lo hizo con Ajaccio y las consecuencias fueron positivas: &#8220;Ochoa ped\u00eda al equipo mentalidad ganadora y mantener un orden en la defensa. El equipo lo entend\u00eda y despu\u00e9s se hizo un h\u00e1bito para el grupo&#8221;, cont\u00f3 el entrenador del Ajaccio, Alex Dupont, al diario <em>L&#8217;Equipe<\/em> en 2012.<\/p>\n<p><span style=\"color: #ff0000;\">Mostrarse para ganar lugar\u00a0en Copa Am\u00e9rica<\/span><\/p>\n<p>&#8220;Con todo respeto a Ochoa le digo que cambie de equipo&#8221;. Esas palabras de Juan Carlos Osorio demuestran la confianza que tiene en las aptitudes de Memo. Aunque fue claro y no por su jerarqu\u00eda seguir\u00e1 con las convocatorias y, menos, con otros prospectos interesantes para la puerta del <em>Tri<\/em>.<\/p>\n<p>&#8220;De Guillermo no jugar, yo creo que va a ser cada vez m\u00e1s dif\u00edcil para \u00e9l porque aparte de Alfredo (Talavera), de Mois\u00e9s (Mu\u00f1oz), yo creo que Jes\u00fas (Corona), Alejandro (Palacios) y el propio Jonathan (Orozco) van a competir por esas dos posibilidades&#8221;.<\/p>\n<p>Pero este viernes Memo Ochoa puede empezar a acumular los minutos que tanto exig\u00eda Juan Carlos Osorio. La titularidad la tiene asegurada por el pr\u00f3ximo mes y medio. Depender\u00e1 de sus actuaciones debajo de los tres postes mantenerla y volver a brillar con la Selecci\u00f3n Mexicana, sobre todo, en busca de jugar Copa Am\u00e9rica, un evento que le abrir\u00eda las puertas para otros cuantos equipos en la Liga de Espa\u00f1a.<\/p>\n<p><span style=\"color: #ff0000;\">Art\u00edfice del sue\u00f1o europeo<\/span><\/p>\n<p>El M\u00e1laga aun sue\u00f1a con disputar competencias continentales. Se mantiene lejos, a once puntos, pero le restan duelos directos ante .los contendientes a la Europa League. Athletic de Bilbao y Celta. Para Memo Ochoa la tarea debe ser mantener el cero y que la ofensiva se encargue de mejorar sus n\u00fameros.<\/p>\n<p>Adem\u00e1s, cuenta con una posible doble oportunidad, ya que en caso de que Sevilla o Athletic de Bilbao se coronen en Copa del Rey y Europa League para el primero, y en el torneo continental para el segundo, un boleto quedar\u00eda libre para la Europa League.<\/p>\n<p style=\"text-align: center;\"><strong><span style=\"color: #3366ff;\"><a style=\"color: #3366ff;\" href=\"http:\/\/www.futboltotal.com.mx\/futbol-internacional\/mexicanos-en-europa\/\">LEER M\u00c1S: Todas las noticias de mexicanos en Europa<\/a><\/span><\/strong><\/p>\n","protected":false},"excerpt":{"rendered":"<p>El mexicano disputar\u00e1 su primer partido como titular ante Sporting de Gij\u00f3n<\/p>\n","protected":false},"author":20,"featured_media":379667,"comment_status":"closed","ping_status":"closed","sticky":false,"template":"","format":"standard","meta":[],"categories":[5,3839,6718],"tags":[5991,306],"_links":{"self":[{"href":"http:\/\/desarrollo.grupomedios.com\/futbol\/wp-json\/wp\/v2\/posts\/379640"}],"collection":[{"href":"http:\/\/desarrollo.grupomedios.com\/futbol\/wp-json\/wp\/v2\/posts"}],"about":[{"href":"http:\/\/desarrollo.grupomedios.com\/futbol\/wp-json\/wp\/v2\/types\/post"}],"author":[{"embeddable":true,"href":"http:\/\/desarrollo.grupomedios.com\/futbol\/wp-json\/wp\/v2\/users\/20"}],"replies":[{"embeddable":true,"href":"http:\/\/desarrollo.grupomedios.com\/futbol\/wp-json\/wp\/v2\/comments?post=379640"}],"version-history":[{"count":0,"href":"http:\/\/desarrollo.grupomedios.com\/futbol\/wp-json\/wp\/v2\/posts\/379640\/revisions"}],"wp:featuredmedia":[{"embeddable":true,"href":"http:\/\/desarrollo.grupomedios.com\/futbol\/wp-json\/wp\/v2\/media\/379667"}],"wp:attachment":[{"href":"http:\/\/desarrollo.grupomedios.com\/futbol\/wp-json\/wp\/v2\/media?parent=379640"}],"wp:term":[{"taxonomy":"category","embeddable":true,"href":"http:\/\/desarrollo.grupomedios.com\/futbol\/wp-json\/wp\/v2\/categories?post=379640"},{"taxonomy":"post_tag","embeddable":true,"href":"http:\/\/desarrollo.grupomedios.com\/futbol\/wp-json\/wp\/v2\/tags?post=379640"}],"curies":[{"name":"wp","href":"https:\/\/api.w.org\/{rel}","templated":true}]}}