{"id":379675,"date":"2016-03-11T10:55:10","date_gmt":"2016-03-11T16:55:10","guid":{"rendered":"http:\/\/www.futboltotal.com.mx\/?p=379675"},"modified":"2016-03-11T10:55:58","modified_gmt":"2016-03-11T16:55:58","slug":"portero-o-superman","status":"publish","type":"post","link":"http:\/\/desarrollo.grupomedios.com\/futbol\/videos\/portero-o-superman\/2016\/03","title":{"rendered":"\u00bfPortero o Superman?"},"content":{"rendered":"<p>El sue\u00f1o de todo <strong>portero<\/strong>\u00a0es dejar su arco imbatido. En esta ocasi\u00f3n Alessandro Caparco, portero italiano del CS Municipal Studentesc Iasi de la liga rumana, se multiplic\u00f3 y salv\u00f3 a su equipo en cuatro ocasiones seguidas. Unos segundos despu\u00e9s de frustrar los intentos de gol del rival, \u00e9l mismo consigui\u00f3 una falta que les permiti\u00f3 salir de esa peligrosa situaci\u00f3n.<\/p>\n<p><iframe loading=\"lazy\" src=\"https:\/\/www.youtube.com\/embed\/kFRss37sYDA\" frameborder=\"0\" allowfullscreen><\/iframe><\/p>\n<p>A pesar de sus actuaciones, el CS Municipal Studentesc se vio superado por un marcador de 0-2, lo que lo coloca en octava posici\u00f3n de su liga.<\/p>\n<p style=\"text-align: center;\"><strong><span style=\"color: #3366ff;\"><a style=\"color: #3366ff;\" href=\"http:\/\/www.futboltotal.com.mx\/2016\/02\/el-portero-que-opaco-a-neuer-con-el-bayern-munich\/\">LEER M\u00c1S: El portero que opac\u00f3 Manuel Neuer con el Bayern Munich<\/a><\/span><\/strong><\/p>\n","protected":false},"excerpt":{"rendered":"<p>El guardameta salv\u00f3 a su equipo en 4 ocasiones seguidas<\/p>\n","protected":false},"author":20,"featured_media":379676,"comment_status":"closed","ping_status":"closed","sticky":false,"template":"","format":"standard","meta":[],"categories":[3839,4],"tags":[6883,4934,6606],"_links":{"self":[{"href":"http:\/\/desarrollo.grupomedios.com\/futbol\/wp-json\/wp\/v2\/posts\/379675"}],"collection":[{"href":"http:\/\/desarrollo.grupomedios.com\/futbol\/wp-json\/wp\/v2\/posts"}],"about":[{"href":"http:\/\/desarrollo.grupomedios.com\/futbol\/wp-json\/wp\/v2\/types\/post"}],"author":[{"embeddable":true,"href":"http:\/\/desarrollo.grupomedios.com\/futbol\/wp-json\/wp\/v2\/users\/20"}],"replies":[{"embeddable":true,"href":"http:\/\/desarrollo.grupomedios.com\/futbol\/wp-json\/wp\/v2\/comments?post=379675"}],"version-history":[{"count":0,"href":"http:\/\/desarrollo.grupomedios.com\/futbol\/wp-json\/wp\/v2\/posts\/379675\/revisions"}],"wp:featuredmedia":[{"embeddable":true,"href":"http:\/\/desarrollo.grupomedios.com\/futbol\/wp-json\/wp\/v2\/media\/379676"}],"wp:attachment":[{"href":"http:\/\/desarrollo.grupomedios.com\/futbol\/wp-json\/wp\/v2\/media?parent=379675"}],"wp:term":[{"taxonomy":"category","embeddable":true,"href":"http:\/\/desarrollo.grupomedios.com\/futbol\/wp-json\/wp\/v2\/categories?post=379675"},{"taxonomy":"post_tag","embeddable":true,"href":"http:\/\/desarrollo.grupomedios.com\/futbol\/wp-json\/wp\/v2\/tags?post=379675"}],"curies":[{"name":"wp","href":"https:\/\/api.w.org\/{rel}","templated":true}]}}