{"id":379709,"date":"2016-03-11T13:12:38","date_gmt":"2016-03-11T19:12:38","guid":{"rendered":"http:\/\/www.futboltotal.com.mx\/?p=379709"},"modified":"2016-03-11T13:12:38","modified_gmt":"2016-03-11T19:12:38","slug":"futbolista-toma-venganza-pie","status":"publish","type":"post","link":"http:\/\/desarrollo.grupomedios.com\/futbol\/videos\/futbolista-toma-venganza-pie\/2016\/03","title":{"rendered":"Futbolista toma venganza con su propio pie"},"content":{"rendered":"<p>En un encuentro entre Castel San Niccolo y Fortiz Arezzo, equipos de la liga regional italiana, se captur\u00f3 en video la reacci\u00f3n de un <strong>futbolista<\/strong>\u00a0tras ser expulsado.<\/p>\n<p style=\"text-align: center;\"><span style=\"color: #3366ff;\"><strong><a style=\"color: #3366ff;\" href=\"http:\/\/www.futboltotal.com.mx\/2016\/03\/la-amenaza-chicharito-al-villarreal\/\">LEER M\u00c1S: La amenaza de Chicharito al Villarreal<\/a><\/strong><\/span><\/p>\n<p>El <strong>futbolista<\/strong> se molest\u00f3 despu\u00e9s de que recibi\u00f3 la tarjeta roja y decidi\u00f3 descargar su ira d\u00e1ndole una patada en las piernas al \u00e1rbitro. El colegiado no reaccion\u00f3 ante la patada mientras el jugador segu\u00eda grit\u00e1ndole. Finalmente un compa\u00f1ero tuvo que cargarlo y sacarlo del terreno de juego debido al descontrol total del mismo.<\/p>\n<p><iframe loading=\"lazy\" src=\"https:\/\/www.youtube.com\/embed\/-ejkyfUndro\" frameborder=\"0\" allowfullscreen=\"allowfullscreen\"><\/iframe><\/p>\n","protected":false},"excerpt":{"rendered":"<p>Jugador se descontrola y patea al \u00e1rbitro tras ser expulsado<\/p>\n","protected":false},"author":20,"featured_media":379710,"comment_status":"closed","ping_status":"closed","sticky":false,"template":"","format":"standard","meta":[],"categories":[3839,4],"tags":[2365,6645,2588],"_links":{"self":[{"href":"http:\/\/desarrollo.grupomedios.com\/futbol\/wp-json\/wp\/v2\/posts\/379709"}],"collection":[{"href":"http:\/\/desarrollo.grupomedios.com\/futbol\/wp-json\/wp\/v2\/posts"}],"about":[{"href":"http:\/\/desarrollo.grupomedios.com\/futbol\/wp-json\/wp\/v2\/types\/post"}],"author":[{"embeddable":true,"href":"http:\/\/desarrollo.grupomedios.com\/futbol\/wp-json\/wp\/v2\/users\/20"}],"replies":[{"embeddable":true,"href":"http:\/\/desarrollo.grupomedios.com\/futbol\/wp-json\/wp\/v2\/comments?post=379709"}],"version-history":[{"count":0,"href":"http:\/\/desarrollo.grupomedios.com\/futbol\/wp-json\/wp\/v2\/posts\/379709\/revisions"}],"wp:featuredmedia":[{"embeddable":true,"href":"http:\/\/desarrollo.grupomedios.com\/futbol\/wp-json\/wp\/v2\/media\/379710"}],"wp:attachment":[{"href":"http:\/\/desarrollo.grupomedios.com\/futbol\/wp-json\/wp\/v2\/media?parent=379709"}],"wp:term":[{"taxonomy":"category","embeddable":true,"href":"http:\/\/desarrollo.grupomedios.com\/futbol\/wp-json\/wp\/v2\/categories?post=379709"},{"taxonomy":"post_tag","embeddable":true,"href":"http:\/\/desarrollo.grupomedios.com\/futbol\/wp-json\/wp\/v2\/tags?post=379709"}],"curies":[{"name":"wp","href":"https:\/\/api.w.org\/{rel}","templated":true}]}}