{"id":379712,"date":"2016-03-11T14:19:21","date_gmt":"2016-03-11T20:19:21","guid":{"rendered":"http:\/\/www.futboltotal.com.mx\/?p=379712"},"modified":"2016-03-11T15:21:01","modified_gmt":"2016-03-11T21:21:01","slug":"mensaje-wendell-real-madrid","status":"publish","type":"post","link":"http:\/\/desarrollo.grupomedios.com\/futbol\/futbol-internacional\/mensaje-wendell-real-madrid\/2016\/03","title":{"rendered":"El mensaje de Wendell para el Real Madrid"},"content":{"rendered":"<p>El <strong>Real Madrid<\/strong> sigue con su proyecto de contratar a j\u00f3venes promesas. El \u00faltimo del cat\u00e1logo que <strong><span style=\"color: #3366ff;\"><a style=\"color: #3366ff;\" href=\"http:\/\/www.futboltotal.com.mx\/2016\/03\/real-madrid-busca-refuerzo-en-el-leverkusen\/\">suena apara aterrizar en Valdebebas<\/a><\/span><\/strong> es <strong>Wendell<\/strong>, lateral izquierdo del Bayer Leverkusen con un consntante ida y vuelta.<\/p>\n<p>Con 22 a\u00f1os, el titular de las <em>Aspirinas<\/em> y aspirante a ocupar el carril izquierdo con la selecci\u00f3n ol\u00edmpica de Brasil en Rio 2016 est\u00e1 muy ilusionado con el inter\u00e9s del <strong>Real Madrid<\/strong>.<\/p>\n<p>\u201cCualquier jugador del mundo, independiente de la nacionalidad, sue\u00f1a en jugar en el Real Madrid\u201d, dijo <strong>Wendell<\/strong> para <em>AS<\/em>.<\/p>\n<p style=\"text-align: center;\"><span style=\"color: #3366ff;\"><strong><a style=\"color: #3366ff;\" href=\"http:\/\/www.futboltotal.com.mx\/2016\/03\/la-amenaza-chicharito-al-villarreal\/\">LEER M\u00c1S: Chicharito y su amenaza al Villarreal<\/a><\/strong><\/span><\/p>\n<p>El brasile\u00f1o tiene dos referentes en su posici\u00f3n y no extra\u00f1a que ambos sean sus compatriotas, adem\u00e1s de ser piezas imprescindibles en sus respectivas \u00e9pocas para el Real Madrid.<\/p>\n<p>\u201cMarcelo es un \u00eddolo y una referencia. Roberto Carlos, una leyenda, un mito; ser\u00eda un desaf\u00edo maravilloso seguir la tradici\u00f3n brasile\u00f1a en un club con tanta historia\u201d. Y a\u00f1ade: &#8220;Ser\u00eda un honor ser suplente de Marcelo\u201d, seg\u00fan \u00e9l, \u201cel mejor lateral izquierdo del mundo en los \u00faltimos 5 a\u00f1os\u201d<\/p>\n<p style=\"text-align: center;\"><strong><span style=\"color: #3366ff;\"><a style=\"color: #3366ff;\" href=\"http:\/\/www.futboltotal.com.mx\/2016\/03\/chicharito-leverkusen-comprometen-pase-a-cuartos\/\">LEER M\u00c1S: Chicharito y Leverkusen comprometen clasificaci\u00f3n<\/a><\/span><\/strong><\/p>\n<p><strong>Wendell<\/strong> define su estilo como t\u00e9cnico y ofensivo, \u201csiempre buscando ayudar en el ataque\u201d, caracter\u00edstica que, seg\u00fan \u00e9l, encaja perfectamente con la Liga Espa\u00f1ola.\u201cSi tuviera que elegir una liga europea para jugar, ser\u00eda la espa\u00f1ola, sin duda, por su juego ofensivo, r\u00e1pido y de calidad\u201d, afirm\u00f3, comentando que<\/p>\n<p>Leverkusen ya rechaz\u00f3 una oferta por Wendell de 20 millones de euros del PSG en el mercado de invierno y, seg\u00fan medios alemanes, estar\u00eda dispuesto a negociar por 35 millones el joven talento.<\/p>\n","protected":false},"excerpt":{"rendered":"<p>El brasile\u00f1o es opci\u00f3n para reforzar al poderoso equipo <\/p>\n","protected":false},"author":20,"featured_media":379713,"comment_status":"closed","ping_status":"closed","sticky":false,"template":"","format":"standard","meta":[],"categories":[3839,6822,3844,5951],"tags":[4335,5988,6884],"_links":{"self":[{"href":"http:\/\/desarrollo.grupomedios.com\/futbol\/wp-json\/wp\/v2\/posts\/379712"}],"collection":[{"href":"http:\/\/desarrollo.grupomedios.com\/futbol\/wp-json\/wp\/v2\/posts"}],"about":[{"href":"http:\/\/desarrollo.grupomedios.com\/futbol\/wp-json\/wp\/v2\/types\/post"}],"author":[{"embeddable":true,"href":"http:\/\/desarrollo.grupomedios.com\/futbol\/wp-json\/wp\/v2\/users\/20"}],"replies":[{"embeddable":true,"href":"http:\/\/desarrollo.grupomedios.com\/futbol\/wp-json\/wp\/v2\/comments?post=379712"}],"version-history":[{"count":0,"href":"http:\/\/desarrollo.grupomedios.com\/futbol\/wp-json\/wp\/v2\/posts\/379712\/revisions"}],"wp:featuredmedia":[{"embeddable":true,"href":"http:\/\/desarrollo.grupomedios.com\/futbol\/wp-json\/wp\/v2\/media\/379713"}],"wp:attachment":[{"href":"http:\/\/desarrollo.grupomedios.com\/futbol\/wp-json\/wp\/v2\/media?parent=379712"}],"wp:term":[{"taxonomy":"category","embeddable":true,"href":"http:\/\/desarrollo.grupomedios.com\/futbol\/wp-json\/wp\/v2\/categories?post=379712"},{"taxonomy":"post_tag","embeddable":true,"href":"http:\/\/desarrollo.grupomedios.com\/futbol\/wp-json\/wp\/v2\/tags?post=379712"}],"curies":[{"name":"wp","href":"https:\/\/api.w.org\/{rel}","templated":true}]}}