{"id":379718,"date":"2016-03-11T15:49:53","date_gmt":"2016-03-11T21:49:53","guid":{"rendered":"http:\/\/www.futboltotal.com.mx\/?p=379718"},"modified":"2016-03-15T16:01:48","modified_gmt":"2016-03-15T22:01:48","slug":"marcelo-barovero-river-plate-deseo-veracruz","status":"publish","type":"post","link":"http:\/\/desarrollo.grupomedios.com\/futbol\/futbol-mexicano\/marcelo-barovero-river-plate-deseo-veracruz\/2016\/03","title":{"rendered":"Marcelo Barovero, deseo de Veracruz"},"content":{"rendered":"<p><strong>Veracruz<\/strong> no est\u00e1 contento con los porteros con los que cuenta en su n\u00f3mina. Ni Melit\u00f3n Hern\u00e1ndez ni Sergio Garc\u00eda convencen a Carlos Reinoso, estratega del equipo, que ya en el pasado periodo de transferencias busc\u00f3 hacerse con las contrataciones de dos arqueros con experiencia en el balompi\u00e9 europeo: V\u00edctor Vald\u00e9s, de dilatados logros con el Barcelona y Guillermo Ochoa, figura de la Selecci\u00f3n Mexicana en el pasado Mundial.<\/p>\n<p>Ante ello, nuevamente ha puesto marcha para contratar un portero que le brinde seguridad en la retaguardia. El objetivo es <strong>Marcelo Barovero<\/strong>, que acaba contrato con <strong>River Plate <\/strong>en el verano y que fue campe\u00f3n de la pasada Copa Libertadores, donde se mostr\u00f3 como una de las piezas m\u00e1s importantes para el \u00e9xito de los <em>Millonarios<\/em>.<\/p>\n<p style=\"text-align: center;\"><strong><span style=\"color: #3366ff;\"><a style=\"color: #3366ff;\" href=\"http:\/\/www.futboltotal.com.mx\/2016\/03\/las-familias-duenas-del-futbol-mexicano\/\">LEER M\u00c1S: Las familias due\u00f1as del futbol mexicano<\/a><\/span><\/strong><\/p>\n<p>El representante de <strong>Marcelo Barovero<\/strong>, Marcelo Franceschini, se\u00f1al\u00f3 que la situaci\u00f3n del arquero es complicada y que ve &#8220;muy dif\u00edcil&#8221; que siga en River Plate. El agente coment\u00f3 que Veracruz y Sevilla son los equipos que lo pretenden.\u00a0&#8220;Siempre hay una posibilidad, pero es muy dif\u00edcil que siga en River. Por temas personales se va en junio&#8221;, afirm\u00f3 Franceschini en una entrevista televisiva.<\/p>\n<p>&#8220;Lo m\u00e1s concreto es el inter\u00e9s de Veracruz y Sevilla. Lo de M\u00e9xico pesa en lo econ\u00f3mico y Sevilla en lo deportivo, lo que \u00e9l busca&#8221;, se\u00f1al\u00f3.<\/p>\n","protected":false},"excerpt":{"rendered":"<p>Carlos Reinoso busca con insistencia un portero confiable <\/p>\n","protected":false},"author":20,"featured_media":379720,"comment_status":"closed","ping_status":"closed","sticky":false,"template":"","format":"standard","meta":[],"categories":[2198,3845,5950],"tags":[64,6870,164,6049],"_links":{"self":[{"href":"http:\/\/desarrollo.grupomedios.com\/futbol\/wp-json\/wp\/v2\/posts\/379718"}],"collection":[{"href":"http:\/\/desarrollo.grupomedios.com\/futbol\/wp-json\/wp\/v2\/posts"}],"about":[{"href":"http:\/\/desarrollo.grupomedios.com\/futbol\/wp-json\/wp\/v2\/types\/post"}],"author":[{"embeddable":true,"href":"http:\/\/desarrollo.grupomedios.com\/futbol\/wp-json\/wp\/v2\/users\/20"}],"replies":[{"embeddable":true,"href":"http:\/\/desarrollo.grupomedios.com\/futbol\/wp-json\/wp\/v2\/comments?post=379718"}],"version-history":[{"count":0,"href":"http:\/\/desarrollo.grupomedios.com\/futbol\/wp-json\/wp\/v2\/posts\/379718\/revisions"}],"wp:featuredmedia":[{"embeddable":true,"href":"http:\/\/desarrollo.grupomedios.com\/futbol\/wp-json\/wp\/v2\/media\/379720"}],"wp:attachment":[{"href":"http:\/\/desarrollo.grupomedios.com\/futbol\/wp-json\/wp\/v2\/media?parent=379718"}],"wp:term":[{"taxonomy":"category","embeddable":true,"href":"http:\/\/desarrollo.grupomedios.com\/futbol\/wp-json\/wp\/v2\/categories?post=379718"},{"taxonomy":"post_tag","embeddable":true,"href":"http:\/\/desarrollo.grupomedios.com\/futbol\/wp-json\/wp\/v2\/tags?post=379718"}],"curies":[{"name":"wp","href":"https:\/\/api.w.org\/{rel}","templated":true}]}}