{"id":379728,"date":"2016-03-11T16:44:41","date_gmt":"2016-03-11T22:44:41","guid":{"rendered":"http:\/\/www.futboltotal.com.mx\/?p=379728"},"modified":"2016-03-11T16:44:41","modified_gmt":"2016-03-11T22:44:41","slug":"matias-almeyda-lamenta-caso-angel-reyna","status":"publish","type":"post","link":"http:\/\/desarrollo.grupomedios.com\/futbol\/futbol-mexicano\/matias-almeyda-lamenta-caso-angel-reyna\/2016\/03","title":{"rendered":"Mat\u00edas Almeyda lamenta caso de \u00c1ngel Reyna"},"content":{"rendered":"<p>Lo que comenz\u00f3 como un rumor, termin\u00f3 por convertirse en una realidad, pues <strong><a href=\"http:\/\/www.futboltotal.com.mx\/equipos\/guadalajara\/\" target=\"_blank\">Chivas<\/a><\/strong> decidi\u00f3 dar de baja al delantero <strong>\u00c1ngel Reyna<\/strong>, jugador que en su momento fue una \u201cbomba\u201d medi\u00e1tica pero que no pas\u00f3 de ah\u00ed, pues su aporte deportivo fue casi nulo, situaci\u00f3n que lamenta el t\u00e9cnico <strong>Mat\u00edas Almeyda<\/strong>.<\/p>\n<p>&#8220;Lo de\u00a0Reyna<strong>\u00a0<\/strong>lo agarr\u00e9 ya concretado, fue una decisi\u00f3n del club. Una l\u00e1stima lo que invirti\u00f3 el club para no haber podido explotar a un jugador. Somos claros tanto club como cuerpo t\u00e9cnico sobre lo que queremos de cada jugador&#8221;, coment\u00f3 el argentino en entrevista con <em>TDN<\/em>.<\/p>\n<p style=\"text-align: center;\"><span style=\"color: #3366ff;\"><strong><a style=\"color: #3366ff;\" href=\"http:\/\/www.futboltotal.com.mx\/2016\/03\/omar-bravo-causo-salida-angel-reyna-chivas\/\" target=\"_blank\">LEER M\u00c1S: Omar Bravo provoc\u00f3 salida de \u00c1ngel Reyna<\/a><\/strong><\/span><\/p>\n<p>Por su parte, el representante del ariete confes\u00f3 que el <em>Pelado<\/em> nunca se acerc\u00f3 a platicar con el jugador para poder recuperarlo y\u00a0que se integrara al primer equipo, no obstante, el timonel sudamericano explic\u00f3 que esto fue porque la directiva ya hab\u00eda tomado una decisi\u00f3n y por eso era causa p\u00e9rdida intentarlo.<\/p>\n<p>&#8220;Cuando llegu\u00e9 ya estaba apartado, me enfoqu\u00e9 s\u00f3lo en el grupo que ten\u00eda para trabajar, que es este, no hab\u00eda tiempo para pensar y tratar de hacer cosas raras&#8221;, concluy\u00f3\u00a0<strong>Mat\u00edas Almeyda<\/strong>.<\/p>\n<p><strong><span style=\"color: #ff0000;\">VIDEO: Agenda de TV | Jornada 10 del Clausura 2016:<\/span><\/strong><\/p>\n<p>[video_player]https:\/\/player.vimeo.com\/external\/158202361.hd.mp4?s=139d3973bfda836b3a1fc471c10b29115141b2f5&amp;profile_id=113[\/video_player]<\/p>\n","protected":false},"excerpt":{"rendered":"<p>\u201cUna pena lo que invirti\u00f3 el club\u201d, consider\u00f3<\/p>\n","protected":false},"author":20,"featured_media":379729,"comment_status":"closed","ping_status":"closed","sticky":false,"template":"","format":"standard","meta":[],"categories":[2198,3845,5950],"tags":[1659,70,1420],"_links":{"self":[{"href":"http:\/\/desarrollo.grupomedios.com\/futbol\/wp-json\/wp\/v2\/posts\/379728"}],"collection":[{"href":"http:\/\/desarrollo.grupomedios.com\/futbol\/wp-json\/wp\/v2\/posts"}],"about":[{"href":"http:\/\/desarrollo.grupomedios.com\/futbol\/wp-json\/wp\/v2\/types\/post"}],"author":[{"embeddable":true,"href":"http:\/\/desarrollo.grupomedios.com\/futbol\/wp-json\/wp\/v2\/users\/20"}],"replies":[{"embeddable":true,"href":"http:\/\/desarrollo.grupomedios.com\/futbol\/wp-json\/wp\/v2\/comments?post=379728"}],"version-history":[{"count":0,"href":"http:\/\/desarrollo.grupomedios.com\/futbol\/wp-json\/wp\/v2\/posts\/379728\/revisions"}],"wp:featuredmedia":[{"embeddable":true,"href":"http:\/\/desarrollo.grupomedios.com\/futbol\/wp-json\/wp\/v2\/media\/379729"}],"wp:attachment":[{"href":"http:\/\/desarrollo.grupomedios.com\/futbol\/wp-json\/wp\/v2\/media?parent=379728"}],"wp:term":[{"taxonomy":"category","embeddable":true,"href":"http:\/\/desarrollo.grupomedios.com\/futbol\/wp-json\/wp\/v2\/categories?post=379728"},{"taxonomy":"post_tag","embeddable":true,"href":"http:\/\/desarrollo.grupomedios.com\/futbol\/wp-json\/wp\/v2\/tags?post=379728"}],"curies":[{"name":"wp","href":"https:\/\/api.w.org\/{rel}","templated":true}]}}