{"id":379743,"date":"2016-03-13T17:00:07","date_gmt":"2016-03-13T23:00:07","guid":{"rendered":"http:\/\/www.futboltotal.com.mx\/?p=379743"},"modified":"2016-03-13T22:03:10","modified_gmt":"2016-03-14T04:03:10","slug":"en-vivo-chivas-vs-america-liga-mx","status":"publish","type":"post","link":"http:\/\/desarrollo.grupomedios.com\/futbol\/futbol-mexicano\/en-vivo-chivas-vs-america-liga-mx\/2016\/03","title":{"rendered":"AS\u00cd SE VIVI\u00d3 | Chivas 1-2 Am\u00e9rica | Liga MX"},"content":{"rendered":"<p><span style=\"color: #ff0000;\">98:00<\/span> | \u00a1Termina el partido!<\/p>\n<p><span style=\"color: #ff0000;\">95:00<\/span> | Arroyo va en mano a mano contra Cota, y le pega al bal\u00f3n de forma terrible.<\/p>\n<p><span style=\"color: #ff0000;\">90:00<\/span> | \u00a1Se agregan 7 minutos!<\/p>\n<p><span style=\"color: #ff0000;\">89:00<\/span> | Gullit remata en el \u00e1rea pero su remate sale desviado.<\/p>\n<p><span style=\"color: #ff0000;\">87:00<\/span> | Hugo Gonz\u00e1lez salva al Am\u00e9rica tras disparo de L\u00f3pez.<\/p>\n<p><span style=\"color: #ff0000;\">85:00<\/span> | Cambio de Chivas: sale Guerrero, entra Samudio.<\/p>\n<p><span style=\"color: #ff0000;\">83:00<\/span> | \u00a1Gran desviada! Gonz\u00e1lez evita que L\u00f3pez empate.<\/p>\n<p><span style=\"color: #ff0000;\">82:00<\/span> | Andrade derriba al Gullit en la media luna y se gana la amonestaci\u00f3n.<\/p>\n<p><span style=\"color: #ff0000;\">81:00<\/span> | Cambio de Am\u00e9rica: sale Sambueza, entra Arroyo.<\/p>\n<p><span style=\"color: #ff0000;\">80:00<\/span> | Rubens dispara a puerta y el bal\u00f3n se va a un lado de la caba\u00f1a de Cota.<\/p>\n<p><span style=\"color: #ff0000;\">79:00<\/span> | Rubens Sambueza es derribado en el mediocampo, pide su cambio.<\/p>\n<p><span style=\"color: #ff0000;\">73:00<\/span> | Anulan anotaci\u00f3n de Chivas.<\/p>\n<p><span style=\"color: #ff0000;\">72:00<\/span> | \u00a1Goooool de Chivas! Gullit descuenta.<\/p>\n<p><iframe loading=\"lazy\" src=\"\/\/giphy.com\/embed\/kOQXsi6M81PpK\" frameBorder=\"0\" class=\"giphy-embed\" allowFullScreen><\/iframe><\/p>\n<p><a href=\"http:\/\/giphy.com\/gifs\/kOQXsi6M81PpK\">via GIPHY<\/a><\/p>\n<p><span style=\"color: #ff0000;\">71:00<\/span> | Cambios: por Am\u00e9rica, sale Quintero, entra Pimentel, por Chivas, entra V\u00e1zquez, sale Salcedo.<\/p>\n<p><span style=\"color: #ff0000;\">70:00<\/span> | \u00a1Por poco! Gran jugada de Chivas, pero Bravo no logra descontar.<\/p>\n<p><span style=\"color: #ff0000;\">69:00<\/span> | \u00a1Paolo Goltz es expulsado! Ambos equipos juegan con 10 hombres.<\/p>\n<p><span style=\"color: #ff0000;\">67:00<\/span> | \u00a1Cerca! Salcido dispara de media distancia pero no logra descontar.<\/p>\n<p><span style=\"color: #ff0000;\">65:00<\/span> | Amonestaci\u00f3n para Paolo Goltz, por falta en tres cuartos de cancha.<\/p>\n<p><span style=\"color: #ff0000;\">63:00<\/span> | Avientan objetos a Paul Aguilar, quien es ba\u00f1ado con cerveza.<\/p>\n<p><span style=\"color: #ff0000;\">60:00<\/span> | \u00a1Comienza una bronca entre futbolistas de ambos equipos! El \u00e1rbitro expulsa a \u00c1ngel Zald\u00edvar y amonesta a Omar Bravo.<\/p>\n<p><span style=\"color: #ff0000;\">59:00<\/span> | \u00a1Goooool del Am\u00e9rica! Oribe ampl\u00eda la ventaja<\/p>\n<p><iframe loading=\"lazy\" src=\"\/\/giphy.com\/embed\/GvIIUncDQ7cli\" frameBorder=\"0\" class=\"giphy-embed\" allowFullScreen><\/iframe><\/p>\n<p><a href=\"http:\/\/giphy.com\/gifs\/soccer-america-goal-GvIIUncDQ7cli\">via GIPHY<\/a><\/p>\n<div id=\"fb-root\"><\/div>\n<p><script>(function(d, s, id) {  var js, fjs = d.getElementsByTagName(s)[0];  if (d.getElementById(id)) return;  js = d.createElement(s); js.id = id;  js.src = \"\/\/connect.facebook.net\/es_ES\/sdk.js#xfbml=1&version=v2.3\";  fjs.parentNode.insertBefore(js, fjs);}(document, 'script', 'facebook-jssdk'));<\/script><\/p>\n<div class=\"fb-video\" data-allowfullscreen=\"1\" data-href=\"https:\/\/www.facebook.com\/LigaBancomerMX\/videos\/944943878953060\/\">\n<div class=\"fb-xfbml-parse-ignore\">\n<blockquote cite=\"https:\/\/www.facebook.com\/LigaBancomerMX\/videos\/944943878953060\/\"><p><a href=\"https:\/\/www.facebook.com\/LigaBancomerMX\/videos\/944943878953060\/\"><\/a><\/p>\n<p>G\u26bd\u26bd\u26bd\u26bd\u26bd\u26bd\u26bd\u26bd\u26bd\u26bd\u26bd\u26bd\u26bd\u26bdL de Club Am\u00e9rica. Oribe Peralta dentro del \u00e1rea chica conecta de cabeza para poner el 0-2 sobre Chivas en el #Cl\u00e1sicoNacional#J10CL2016  LIGA Bancomer MX\u26bd\u26bd #SienteTuLiga \u26bd\u26bd<\/p>\n<p>Posted by <a href=\"https:\/\/www.facebook.com\/LigaBancomerMX\/\">LIGA Bancomer MX<\/a> on Domingo, 13 de marzo de 2016<\/p><\/blockquote>\n<\/div>\n<\/div>\n<p><span style=\"color: #ff0000;\">58:00<\/span> | Cambio de Chivas: sale P\u00e9rez, entra Salcido.<\/p>\n<p><span style=\"color: #ff0000;\">57:00<\/span> | Nuevamente Hugo Gonz\u00e1lez ataja remate rojiblanco.<\/p>\n<p><span style=\"color: #ff0000;\">54:00<\/span> | Cambio de Chivas: sale Hern\u00e1ndez, entra Pe\u00f1a.<\/p>\n<p><span style=\"color: #ff0000;\">53:00<\/span> | Gonz\u00e1lez recuesta para detener el disparo de Zald\u00edvar.<\/p>\n<p><span style=\"color: #ff0000;\">52:00<\/span> \u00a1Am\u00e9rica busca el segundo! Sambueza saca disparo y manda el bal\u00f3n a las gradas.<\/p>\n<p><span style=\"color: #ff0000;\">50:00<\/span> | \u00a1Tiro libre! Brizuela cae en tres cuartos de cancha.<\/p>\n<p><span style=\"color: #ff0000;\">48:00<\/span> | \u00a1Goooool del Am\u00e9rica! Quintero abre el marcador.<\/p>\n<p><iframe loading=\"lazy\" src=\"\/\/giphy.com\/embed\/GvIIUncDQ7cli\" frameBorder=\"0\" class=\"giphy-embed\" allowFullScreen><\/iframe><\/p>\n<p><a href=\"http:\/\/giphy.com\/gifs\/soccer-america-goal-GvIIUncDQ7cli\">via GIPHY<\/a><\/p>\n<div id=\"fb-root\"><\/div>\n<p><script>(function(d, s, id) {  var js, fjs = d.getElementsByTagName(s)[0];  if (d.getElementById(id)) return;  js = d.createElement(s); js.id = id;  js.src = \"\/\/connect.facebook.net\/es_ES\/sdk.js#xfbml=1&version=v2.3\";  fjs.parentNode.insertBefore(js, fjs);}(document, 'script', 'facebook-jssdk'));<\/script><\/p>\n<div class=\"fb-video\" data-allowfullscreen=\"1\" data-href=\"https:\/\/www.facebook.com\/LigaBancomerMX\/videos\/944939182286863\/\">\n<div class=\"fb-xfbml-parse-ignore\">\n<blockquote cite=\"https:\/\/www.facebook.com\/LigaBancomerMX\/videos\/944939182286863\/\"><p><a href=\"https:\/\/www.facebook.com\/LigaBancomerMX\/videos\/944939182286863\/\"><\/a><\/p>\n<p>G\u26bd\u26bd\u26bd\u26bd\u26bd\u26bd\u26bd\u26bd\u26bd\u26bd\u26bd\u26bd\u26bd\u26bdL de Club Am\u00e9rica. Darwin Quintero define dentro del \u00e1rea con potencia y pone en ventaja a las \u00c1guilas 0-1 ante Chivas en el #Cl\u00e1sicoNacional#J10CL2016  LIGA Bancomer MX\u26bd\u26bd #SienteTuLiga \u26bd\u26bd<\/p>\n<p>Posted by <a href=\"https:\/\/www.facebook.com\/LigaBancomerMX\/\">LIGA Bancomer MX<\/a> on Domingo, 13 de marzo de 2016<\/p><\/blockquote>\n<\/div>\n<\/div>\n<p><span style=\"color: #ff0000;\">46:00<\/span> | \u00a1Inicia el complemento!<\/p>\n<p><span style=\"color: #ff0000;\">45:00<\/span> | \u00a1Termina el primer tiempo!<\/p>\n<p><span style=\"color: #ff0000;\">45:00<\/span> | \u00a1Buena atajada de Gonz\u00e1lez! P\u00e9rez se levanta bien en el \u00e1rea y remata, el bal\u00f3n hace una par\u00e1bola y el guardameta se levanta bien para atajar el esf\u00e9rico.<\/p>\n<p><span style=\"color: #ff0000;\">45:00<\/span> | \u00a1Tiro de esquina! Brizuela negocia c\u00f3rner. Se agregan dos minutos.<\/p>\n<p><span style=\"color: #ff0000;\">43:00<\/span> | \u00a1Se pone bravo el partido! Darwin se barre para evitar que Cota tome el bal\u00f3n y le comete falta. El \u00e1rbitro le saca tarjeta amarilla al colombiano y llegan las reclamaciones de ambos equipos.<\/p>\n<p><span style=\"color: #ff0000;\">41:00<\/span> | Salcedo frena una oportunidad azulcrema y se gana la tarjeta amarilla.<\/p>\n<p><span style=\"color: #ff0000;\">39:00<\/span> | \u00a1Amarilla! Fuerte entrada de Oribe Peralta y se gana el primer cart\u00f3n preventivo del encuentro.<\/p>\n<p><span style=\"color: #ff0000;\">37:00<\/span> | Cota y Aguilar chocan en el \u00e1rea; el \u00e1rbitro concede falta a favor del cancerbero, pero el zaguero azulcrema queda tendido en el c\u00e9sped, por lo que ingresan a atenderlo.<\/p>\n<p><span style=\"color: #ff0000;\">34:00<\/span> | Oribe deja tendido en el suelo a Pereira y el r\u00e9feri concede falta a favor de Chivas.<\/p>\n<p><span style=\"color: #ff0000;\">31:00<\/span> | En contragolpe, Paul llega a l\u00ednea final y al no encontrar compa\u00f1ero, negocia un tiro de esquina.<\/p>\n<p><span style=\"color: #ff0000;\">29:00<\/span> | \u00a1Tiro de esquina! Cisneros tiene el bal\u00f3n en el \u00e1rea, dispara, y un desv\u00edo azulcrema evita la anotaci\u00f3n.<\/p>\n<p><span style=\"color: #ff0000;\">27:00<\/span> | \u00a1Tiro libre! Brizuela avanza y recorta a dos futbolistas, luego tropieza con los pies rivales y el \u00e1rbitro marca infracci\u00f3n en las afueras del \u00e1rea.<\/p>\n<p><span style=\"color: #ff0000;\">24:00<\/span> | Trazo largo de L\u00f3pez a Brizuela, pero el esf\u00e9rico bota r\u00e1pidamente y el Conejo ya no lo alcanza.<\/p>\n<p><span style=\"color: #ff0000;\">21:00<\/span> | \u00a1Disparo de Rubens Sambueza! El bal\u00f3n se va a un costado y los azulcremas se quedan cerca de festejar.<\/p>\n<p><span style=\"color: #ff0000;\">18:00<\/span> | \u00a1Posici\u00f3n adelantada! Ahora Omar Bravo est\u00e1 adelantado, cuando se perfilaba para encarar a Hugo Gonz\u00e1lez.<\/p>\n<p><span style=\"color: #ff0000;\">15:00<\/span> | Brizuela adelanta a los locales y todos los futbolistas festejan, pero el \u00e1rbitro anula la anotaci\u00f3n.<\/p>\n<p><span style=\"color: #ff0000;\">14:00<\/span> | \u00a1Hay partido! P\u00e9rez hace jugada de lujo en medio campo y el conjunto local toma confianza.<\/p>\n<p><span style=\"color: #ff0000;\">10:00<\/span> | \u00a1Cuidado! Pablo Aguilar remata en el \u00e1rea rojiblanca, pero el esf\u00e9rico pasa a un costado de la caba\u00f1a de Cota.<\/p>\n<p><span style=\"color: #ff0000;\">08:00<\/span> | \u00a1Partido duro! Se compite fuerte por la pelota. El Reba\u00f1o ya cometi\u00f3 cuatro faltas.<\/p>\n<p><span style=\"color: #ff0000;\">05:00<\/span> | Ra\u00fal L\u00f3pez desperdicia la oportunidad, al mandar el esf\u00e9rico a las gradas.<\/p>\n<p><span style=\"color: #ff0000;\">04:00<\/span> | \u00a1Tiro libre! Salcedo se suma al ataque y es derribado en las afueras del \u00e1rea.<\/p>\n<p><span style=\"color: #ff0000;\">03:00<\/span> | Chivas tiene la iniciativa, pero Am\u00e9rica ya dio bosquejos de su potencial en contragolpe.<\/p>\n<p><span style=\"color: #ff0000;\">01:00<\/span> | \u00a1Choque en el arranque! P\u00e9rez y Sambueza se encuentran en el campo. Las asistencias ingresan para revisar al argentino.<\/p>\n<p><span style=\"color: #ff0000;\">01:00<\/span> | \u00a1Arranca el partido!<\/p>\n<p><span style=\"color: #ff0000;\">00:00<\/span> | Te dejamos el mano a mano de cada l\u00ednea de ambos equipos.<\/p>\n<p><a href=\"http:\/\/www.futboltotal.com.mx\/wp-content\/uploads\/2016\/03\/2016-03-13.jpg\" rel=\"attachment wp-att-380270\"><img decoding=\"async\" loading=\"lazy\" src=\"http:\/\/www.futboltotal.com.mx\/wp-content\/uploads\/2016\/03\/2016-03-13.jpg\" alt=\"2016-03-13\" class=\"alignnone size-full wp-image-380270\" srcset=\"http:\/\/desarrollo.grupomedios.com\/futbol\/wp-content\/uploads\/2016\/03\/2016-03-13.jpg 768w, http:\/\/desarrollo.grupomedios.com\/futbol\/wp-content\/uploads\/2016\/03\/2016-03-13-217x300.jpg 217w, http:\/\/desarrollo.grupomedios.com\/futbol\/wp-content\/uploads\/2016\/03\/2016-03-13-739x1024.jpg 739w\" sizes=\"(max-width: 768px) 100vw, 768px\" \/><\/a><\/p>\n<p><span style=\"color: #ff0000;\">00:00<\/span> | \u00a1Comienza la ceremonia protocolaria!<\/p>\n<p><span style=\"color: #ff0000;\">00:00<\/span> | Los equipos calientan en la cancha<\/p>\n<p>Alineaci\u00f3n <strong>Am\u00e9rica<\/strong>:<\/p>\n<blockquote class=\"twitter-tweet\" data-lang=\"es\">\n<p lang=\"es\" dir=\"ltr\">11 \u00c1guila vs <a href=\"https:\/\/twitter.com\/Chivas\">@Chivas<\/a>: Gonz\u00e1lez, Aguilar, Goltz, Aguilar, Mares, Guerrero, Mart\u00ednez, Sambueza, Andrade, Quintero y Peralta <a href=\"https:\/\/twitter.com\/hashtag\/VamosAm%C3%A9rica?src=hash\">#VamosAm\u00e9rica<\/a><\/p>\n<p>&mdash; Club Am\u00e9rica (@ClubAmerica) <a href=\"https:\/\/twitter.com\/ClubAmerica\/status\/709178582891823104\">14 de marzo de 2016<\/a><\/p><\/blockquote>\n<p><script async src=\"\/\/platform.twitter.com\/widgets.js\" charset=\"utf-8\"><\/script><\/p>\n<p>Alineaci\u00f3n <strong>Chivas<\/strong>:<\/p>\n<blockquote class=\"twitter-tweet\" data-lang=\"es\">\n<p lang=\"es\" dir=\"ltr\">\u00a1Estos son los 11 mexicanos que pondr\u00e1n el coraz\u00f3n por delante en este <a href=\"https:\/\/twitter.com\/hashtag\/S%C3%BAperCl%C3%A1sico?src=hash\">#S\u00faperCl\u00e1sico<\/a>! \u00a1Dale Reba\u00f1o! ? ?\u26aa\ufe0f? <a href=\"https:\/\/t.co\/WlVyuHDXjU\">pic.twitter.com\/WlVyuHDXjU<\/a><\/p>\n<p>&mdash; CHIVAS (@Chivas) <a href=\"https:\/\/twitter.com\/Chivas\/status\/709172264504152064\">14 de marzo de 2016<\/a><\/p><\/blockquote>\n<p><script async src=\"\/\/platform.twitter.com\/widgets.js\" charset=\"utf-8\"><\/script><\/p>\n<p>La <strong>jornada 10<\/strong> del <strong>Clausura 2016<\/strong> cerrar\u00e1 con uno de los partidos\u00a0m\u00e1s esperados de cada temporada:\u00a0la edici\u00f3n 220 del <strong>Cl\u00e1sico Nacional<\/strong> entre las\u00a0<strong><a href=\"http:\/\/futboltotal.com.mx\/equipos\/guadalajara\/\" target=\"_blank\">Chivas del Guadalajara<\/a><\/strong>\u00a0y las\u00a0<a href=\"http:\/\/futboltotal.com.mx\/equipos\/america\/\" target=\"_blank\"><em>\u00c1guilas<\/em> del<\/a><strong><a href=\"http:\/\/futboltotal.com.mx\/equipos\/america\/\" target=\"_blank\"> Am\u00e9rica<\/a><\/strong>.<\/p>\n<p>Las <em>\u00c1guilas<\/em> visitar\u00e1n el estadio <strong>Chivas\u00a0<\/strong>este domingo a las 19:30 horas, un coloso en el que los <em>Azulcremas <\/em>han sido imbatibles en los \u00faltimos cuatro de cinco partidos y al que en esta oportunidad llegan como el amplio favorito.<\/p>\n<p>Previo al <strong>Cl\u00e1sico Nacional<\/strong>, el duelo comenz\u00f3 a calentarse tras las palabras del t\u00e9cnico del <strong>Am\u00e9rica<\/strong>, Ignacio Ambriz, quien en su momento dirigi\u00f3 a <strong>Chivas<\/strong> y asever\u00f3 que la exigencia y presi\u00f3n en el <em>Nido<\/em>\u00a0son, por mucho, mayor que en la entidad <em>rojiblanca<\/em>.<\/p>\n<p style=\"text-align: center;\"><span style=\"color: #3366ff;\"><strong><a style=\"color: #3366ff;\" href=\"http:\/\/www.futboltotal.com.mx\">LEER M\u00c1S: Hombres clave del Cl\u00e1sico Nacional<\/a><\/strong><\/span><\/p>\n<p>\u201cCada uno genera su pol\u00e9mica, pero desde mi punto de vista, y lo veo con todos ustedes, la prensa, hay m\u00e1s cr\u00edticas, hay m\u00e1s presi\u00f3n en\u00a0<strong>Am\u00e9rica<\/strong>, hoy defiendo los colores de este club con mucho profesionalismo, pero de alguna otra forma y sin temor a equivocarme hay m\u00e1s pol\u00e9mica y m\u00e1s presi\u00f3n aqu\u00ed\u201d, consider\u00f3 el timonel <em>azulcrema<\/em>.<\/p>\n<p>Sin necesidad de lo que digan en Coapa, el <em>Reba\u00f1o Sagrado <\/em>hizo\u00a0su propia pol\u00e9mica. Por una parte trascendi\u00f3 que Carlos Pe\u00f1a se present\u00f3 a un entrenamiento con estragos de la fiesta, mientras que \u00c1ngel Reyna fue separado por completo del plantel; todo esto ha provocado inestabilidad al interior del club e incertidumbre crezca entre la afici\u00f3n.<\/p>\n<p>Adem\u00e1s, <strong>Chivas<\/strong> suma un par de factores que lo tiene en el ojo del hurac\u00e1n: solo ha conseguido una victoria en 9 partidos y su n\u00f3mina de artilleros no ha logrado marcar un solo gol.<\/p>\n<p>\u00bfCu\u00e1l es tu pron\u00f3stico para el <strong>Chivas<\/strong> vs.<strong> Am\u00e9rica<\/strong>, <em>crack<\/em>?<\/p>\n<div id=\"fb-root\"><\/div>\n<p><script>\/\/ <![CDATA[\n(function(d, s, id) { var js, fjs = d.getElementsByTagName(s)[0]; if (d.getElementById(id)) return; js = d.createElement(s); js.id = id; js.src = \"\/\/connect.facebook.net\/es_LA\/sdk.js#xfbml=1&#038;version=v2.3\"; fjs.parentNode.insertBefore(js, fjs);}(document, 'script', 'facebook-jssdk'));\n\/\/ ]]><\/script><\/p>\n<div class=\"fb-video\" data-allowfullscreen=\"1\" data-href=\"https:\/\/www.facebook.com\/LigaBancomerMX\/videos\/943331009114347\/\">\n<div class=\"fb-xfbml-parse-ignore\">\n<blockquote cite=\"https:\/\/www.facebook.com\/LigaBancomerMX\/videos\/943331009114347\/\"><p>Es el partido que &#8220;No se puede perder&#8221;.El pr\u00f3ximo domingo Chivas y Club Am\u00e9rica se juegan el orgullo en el Cl\u00e1sico de Cl\u00e1sicos del Futbol Mexicano. Este es el previo de la edici\u00f3n 220 narrado por sus protagonistas&#8230;<\/p>\n<p>Posted by <a href=\"https:\/\/www.facebook.com\/LigaBancomerMX\/\">LIGA Bancomer MX<\/a> on viernes, 11 de marzo de 2016<\/p><\/blockquote>\n<\/div>\n<\/div>\n","protected":false},"excerpt":{"rendered":"<p>Am\u00e9rica gan\u00f3 la edici\u00f3n 220 del hist\u00f3rico duelo<\/p>\n","protected":false},"author":20,"featured_media":380305,"comment_status":"closed","ping_status":"closed","sticky":false,"template":"","format":"standard","meta":[],"categories":[2198,3845],"tags":[5959,70,5928,64],"_links":{"self":[{"href":"http:\/\/desarrollo.grupomedios.com\/futbol\/wp-json\/wp\/v2\/posts\/379743"}],"collection":[{"href":"http:\/\/desarrollo.grupomedios.com\/futbol\/wp-json\/wp\/v2\/posts"}],"about":[{"href":"http:\/\/desarrollo.grupomedios.com\/futbol\/wp-json\/wp\/v2\/types\/post"}],"author":[{"embeddable":true,"href":"http:\/\/desarrollo.grupomedios.com\/futbol\/wp-json\/wp\/v2\/users\/20"}],"replies":[{"embeddable":true,"href":"http:\/\/desarrollo.grupomedios.com\/futbol\/wp-json\/wp\/v2\/comments?post=379743"}],"version-history":[{"count":0,"href":"http:\/\/desarrollo.grupomedios.com\/futbol\/wp-json\/wp\/v2\/posts\/379743\/revisions"}],"wp:featuredmedia":[{"embeddable":true,"href":"http:\/\/desarrollo.grupomedios.com\/futbol\/wp-json\/wp\/v2\/media\/380305"}],"wp:attachment":[{"href":"http:\/\/desarrollo.grupomedios.com\/futbol\/wp-json\/wp\/v2\/media?parent=379743"}],"wp:term":[{"taxonomy":"category","embeddable":true,"href":"http:\/\/desarrollo.grupomedios.com\/futbol\/wp-json\/wp\/v2\/categories?post=379743"},{"taxonomy":"post_tag","embeddable":true,"href":"http:\/\/desarrollo.grupomedios.com\/futbol\/wp-json\/wp\/v2\/tags?post=379743"}],"curies":[{"name":"wp","href":"https:\/\/api.w.org\/{rel}","templated":true}]}}