{"id":379756,"date":"2016-03-11T19:43:54","date_gmt":"2016-03-12T01:43:54","guid":{"rendered":"http:\/\/www.futboltotal.com.mx\/?p=379756"},"modified":"2016-03-11T19:50:29","modified_gmt":"2016-03-12T01:50:29","slug":"le-abren-las-puertas-a-angel-reyna","status":"publish","type":"post","link":"http:\/\/desarrollo.grupomedios.com\/futbol\/futbol-mexicano\/le-abren-las-puertas-a-angel-reyna\/2016\/03","title":{"rendered":"Le abren las puertas a \u00c1ngel Reyna"},"content":{"rendered":"<p>Le espera una larga inactividad a <strong>\u00c1ngel Reyna<\/strong>, luego de acordar junto con <strong><a href=\"http:\/\/futboltotal.com.mx\/equipos\/guadalajara\/\" target=\"_blank\">Chivas<\/a><\/strong> dejar el plantel, esto por sus diversos problemas. Con los mercados de fichajes cerrados (en las principales ligas) el delantero tendr\u00e1 que aguardar, sin embargo, en M\u00e9xico se ve complicado que lo contraten\u00a0por su historial, no obstante hay un t\u00e9cnico que s\u00ed lo aceptar\u00eda en su equipo.<\/p>\n<p>El mayor problema para <em>Pleititos<\/em> es que el entrenador en cuesti\u00f3n es <strong>Jos\u00e9 Luis S\u00e1nchez<\/strong>, mejor conocido como <strong><em>Chel\u00eds<\/em><\/strong>, quien actualmente se encuentra sin dirigir.<\/p>\n<p style=\"text-align: center;\"><span style=\"color: #3366ff;\"><strong><a style=\"color: #3366ff;\" href=\"http:\/\/www.futboltotal.com.mx\/2016\/03\/omar-bravo-causo-salida-angel-reyna-chivas\/\" target=\"_blank\">LEER M\u00c1S: Omar Bravo provoc\u00f3 salida de \u00c1ngel Reyna<\/a><\/strong><\/span><\/p>\n<p>Mientras la mayor\u00eda reprueba la actitud del atacante, <strong><em>Chel\u00eds<\/em><\/strong> la aplaude pues considera que tiene una cualidad en la que se carece en el balompi\u00e9\u00a0nacional, la cual es decir lo que se piensa<\/p>\n<p>&#8220;Quiero a 11 como <strong>\u00c1ngel Reyna<\/strong>, porque es una persona que te dice lo que piensa, de frente, pero en el futbol mexicano no estamos acostumbrado a que los jugadores lo hagan&#8221;, explic\u00f3 en <em>ESPN<\/em>.<\/p>\n<p>A falta de conocer si S\u00e1nchez Sol\u00e1 regresa a la actividad en los banquillos, <strong>\u00c1ngel Reyna<\/strong> buscar\u00e1 acomodo en Estados Unidos o bien esperarse al mercado de verano.<\/p>\n<p><strong><span style=\"color: #ff0000;\">VIDEO: Agenda de TV | Jornada 10 del Clausura 2016:<\/span><\/strong><\/p>\n<p>[video_player]https:\/\/player.vimeo.com\/external\/158202361.hd.mp4?s=139d3973bfda836b3a1fc471c10b29115141b2f5&amp;profile_id=113[\/video_player]<\/p>\n","protected":false},"excerpt":{"rendered":"<p>El delantero interesa a un entrenador experimentado, pero\u2026<\/p>\n","protected":false},"author":20,"featured_media":379757,"comment_status":"closed","ping_status":"closed","sticky":false,"template":"","format":"standard","meta":[],"categories":[2198,3845,5950],"tags":[1659,70],"_links":{"self":[{"href":"http:\/\/desarrollo.grupomedios.com\/futbol\/wp-json\/wp\/v2\/posts\/379756"}],"collection":[{"href":"http:\/\/desarrollo.grupomedios.com\/futbol\/wp-json\/wp\/v2\/posts"}],"about":[{"href":"http:\/\/desarrollo.grupomedios.com\/futbol\/wp-json\/wp\/v2\/types\/post"}],"author":[{"embeddable":true,"href":"http:\/\/desarrollo.grupomedios.com\/futbol\/wp-json\/wp\/v2\/users\/20"}],"replies":[{"embeddable":true,"href":"http:\/\/desarrollo.grupomedios.com\/futbol\/wp-json\/wp\/v2\/comments?post=379756"}],"version-history":[{"count":0,"href":"http:\/\/desarrollo.grupomedios.com\/futbol\/wp-json\/wp\/v2\/posts\/379756\/revisions"}],"wp:featuredmedia":[{"embeddable":true,"href":"http:\/\/desarrollo.grupomedios.com\/futbol\/wp-json\/wp\/v2\/media\/379757"}],"wp:attachment":[{"href":"http:\/\/desarrollo.grupomedios.com\/futbol\/wp-json\/wp\/v2\/media?parent=379756"}],"wp:term":[{"taxonomy":"category","embeddable":true,"href":"http:\/\/desarrollo.grupomedios.com\/futbol\/wp-json\/wp\/v2\/categories?post=379756"},{"taxonomy":"post_tag","embeddable":true,"href":"http:\/\/desarrollo.grupomedios.com\/futbol\/wp-json\/wp\/v2\/tags?post=379756"}],"curies":[{"name":"wp","href":"https:\/\/api.w.org\/{rel}","templated":true}]}}