{"id":379838,"date":"2016-03-12T11:10:05","date_gmt":"2016-03-12T17:10:05","guid":{"rendered":"http:\/\/www.futboltotal.com.mx\/?p=379838"},"modified":"2016-03-12T11:11:12","modified_gmt":"2016-03-12T17:11:12","slug":"marco-fabian-eintracht-se-acercan-al-descenso","status":"publish","type":"post","link":"http:\/\/desarrollo.grupomedios.com\/futbol\/destacado-home\/marco-fabian-eintracht-se-acercan-al-descenso\/2016\/03","title":{"rendered":"Marco Fabi\u00e1n y Eintracht se acercan al descenso"},"content":{"rendered":"<p>El sue\u00f1o de jugar en Europa se convirti\u00f3 en una pesadilla para <strong>Marco Fabi\u00e1n<\/strong>, que dej\u00f3 a las Chivas que peleaba para evitar el descenso, pero lleg\u00f3 a un equipo como <strong>Eintracht Frankfurt<\/strong> que est\u00e1 en la misma situaci\u00f3n, pues nuevamente perdi\u00f3 3-0 ahora contra el <strong>Borussia M\u00f6nchengladbach<\/strong>.<\/p>\n<p>La diferencia entre ambas escuadras se dej\u00f3 clara desde el arranque del juego, pues los de casa hicieron lo que quisieron en la cancha, situaci\u00f3n que conden\u00f3 al atacante mexicano a ser una sombra m\u00e1s en el compromiso.<\/p>\n<p style=\"text-align: center;\"><span style=\"color: #3366ff;\"><strong><a style=\"color: #3366ff;\" href=\"http:\/\/www.futboltotal.com.mx\/2016\/03\/marco-fabian-mexicanos-descendieron-en-europa\/\" target=\"_blank\">LEER M\u00c1S: Marco Fabi\u00e1n, con posibilidad de unirse a los mexicanos que descendieron en Europa<\/a><\/strong><\/span><\/p>\n<p>Como si fuera un malestar estomacal <strong>Eintracht Frankfurt<\/strong> permiti\u00f3 que lo dominaran y se viera superado con la anotaci\u00f3n de Lars Stindl (36\u2019), pero todo empeor\u00f3 con el error del guardameta Lukas Hradecky que le regal\u00f3 la pelota al brasile\u00f1o Raffael quien no dud\u00f3 y\u00a0le peg\u00f3 con una clase exquisita (53\u2019), un minuto despu\u00e9s <em>Marquito<\/em> abandon\u00f3 el juego con m\u00e1s pena que gloria.<\/p>\n<p>Ya sin luz de esperanza, las <em>\u00c1guilas<\/em> recibieron el tercero ahora de la mano de Mahmoud Dahoud que se meti\u00f3 caminando al \u00e1rea para ganar el mano a mano.<\/p>\n<p>Con esta dolorosa derrota, el club donde milita <strong>Marco Fabi\u00e1n<\/strong> se sumergi\u00f3 en un abismo que no los dejar\u00e1 dormir ya que se ubica en el decimosexto puesto de la Bundesliga con 24 unidades, misma cantidad que Hoffenheim, escuadra que de momento est\u00e1 en el lugar del descenso directo.<\/p>\n","protected":false},"excerpt":{"rendered":"<p>M\u00f6nchengladbach gole\u00f3 3-0 al Frankfurt <\/p>\n","protected":false},"author":20,"featured_media":379839,"comment_status":"closed","ping_status":"closed","sticky":false,"template":"","format":"standard","meta":[],"categories":[5,3839,6718],"tags":[3588,131],"_links":{"self":[{"href":"http:\/\/desarrollo.grupomedios.com\/futbol\/wp-json\/wp\/v2\/posts\/379838"}],"collection":[{"href":"http:\/\/desarrollo.grupomedios.com\/futbol\/wp-json\/wp\/v2\/posts"}],"about":[{"href":"http:\/\/desarrollo.grupomedios.com\/futbol\/wp-json\/wp\/v2\/types\/post"}],"author":[{"embeddable":true,"href":"http:\/\/desarrollo.grupomedios.com\/futbol\/wp-json\/wp\/v2\/users\/20"}],"replies":[{"embeddable":true,"href":"http:\/\/desarrollo.grupomedios.com\/futbol\/wp-json\/wp\/v2\/comments?post=379838"}],"version-history":[{"count":0,"href":"http:\/\/desarrollo.grupomedios.com\/futbol\/wp-json\/wp\/v2\/posts\/379838\/revisions"}],"wp:featuredmedia":[{"embeddable":true,"href":"http:\/\/desarrollo.grupomedios.com\/futbol\/wp-json\/wp\/v2\/media\/379839"}],"wp:attachment":[{"href":"http:\/\/desarrollo.grupomedios.com\/futbol\/wp-json\/wp\/v2\/media?parent=379838"}],"wp:term":[{"taxonomy":"category","embeddable":true,"href":"http:\/\/desarrollo.grupomedios.com\/futbol\/wp-json\/wp\/v2\/categories?post=379838"},{"taxonomy":"post_tag","embeddable":true,"href":"http:\/\/desarrollo.grupomedios.com\/futbol\/wp-json\/wp\/v2\/tags?post=379838"}],"curies":[{"name":"wp","href":"https:\/\/api.w.org\/{rel}","templated":true}]}}