{"id":379874,"date":"2016-03-12T15:57:03","date_gmt":"2016-03-12T21:57:03","guid":{"rendered":"http:\/\/www.futboltotal.com.mx\/?p=379874"},"modified":"2016-03-12T15:57:03","modified_gmt":"2016-03-12T21:57:03","slug":"moises-munoz-suplente-contra-chivas","status":"publish","type":"post","link":"http:\/\/desarrollo.grupomedios.com\/futbol\/futbol-mexicano\/moises-munoz-suplente-contra-chivas\/2016\/03","title":{"rendered":"Mois\u00e9s Mu\u00f1oz, \u00bfsuplente contra Chivas?"},"content":{"rendered":"<p>Uno de los temas principales que rode\u00f3 al <strong><a href=\"http:\/\/www.futboltotal.com.mx\/equipos\/america\/\" target=\"_blank\">Am\u00e9rica<\/a><\/strong> esta semana fue qui\u00e9n resguardar\u00e1 la porter\u00eda el domingo contra <strong><a href=\"http:\/\/futboltotal.com.mx\/equipos\/guadalajara\/\" target=\"_blank\">Chivas<\/a><\/strong>, pese a que todo indicaba que <strong>Mois\u00e9s Mu\u00f1oz<\/strong> regresar\u00eda a la titularidad, Ignacio Ambr\u00edz seguir\u00eda con dudas\u00a0y por eso en el \u00faltimo entrenamiento de cara al Cl\u00e1sico Nacional, el timonel utiliz\u00f3 a Hugo Gonz\u00e1lez con el primer equipo.<\/p>\n<p>Destaca que el canterano <em>azulcrema<\/em> practic\u00f3 junto con el grupo que se vislumbra para arrancar el cotejo en tierras tapat\u00edas.<\/p>\n<p style=\"text-align: center;\"><span style=\"color: #3366ff;\"><strong><a style=\"color: #3366ff;\" href=\"http:\/\/www.futboltotal.com.mx\/2016\/03\/top-5-los-mejores-goles-america-a-chivas\/\" target=\"_blank\">LEER M\u00c1S: Mejores goles del Am\u00e9rica a Chivas<\/a><\/strong><\/span><\/p>\n<p>\u201cPensamos poner a los mejores 11 para hacer un buen partido y traer un resultado favorable. Me importa que el equipo funcione bien,\u00a0como fue la semana pasada. No queda m\u00e1s que prepararnos. Vamos bien. Quedan dos d\u00edas para preparar a los 11 y hacer un buen partido\u201d, subray\u00f3 en la semana <em>Nacho <\/em>Ambr\u00edz.<\/p>\n<p>Debido a los errores que cometi\u00f3 y que le cost\u00f3 dejar ir triunfos a las <em>\u00c1guilas<\/em>, <strong>Mois\u00e9s Mu\u00f1oz<\/strong> perdi\u00f3 la titularidad contra Morelia donde apareci\u00f3 Hugo Gonz\u00e1lez.<\/p>\n","protected":false},"excerpt":{"rendered":"<p>Hugo Gonz\u00e1lez volver\u00eda a aparecer en el arco azulcrema <\/p>\n","protected":false},"author":20,"featured_media":379875,"comment_status":"closed","ping_status":"closed","sticky":false,"template":"","format":"standard","meta":[],"categories":[2198,3845,5950],"tags":[5959,70,635],"_links":{"self":[{"href":"http:\/\/desarrollo.grupomedios.com\/futbol\/wp-json\/wp\/v2\/posts\/379874"}],"collection":[{"href":"http:\/\/desarrollo.grupomedios.com\/futbol\/wp-json\/wp\/v2\/posts"}],"about":[{"href":"http:\/\/desarrollo.grupomedios.com\/futbol\/wp-json\/wp\/v2\/types\/post"}],"author":[{"embeddable":true,"href":"http:\/\/desarrollo.grupomedios.com\/futbol\/wp-json\/wp\/v2\/users\/20"}],"replies":[{"embeddable":true,"href":"http:\/\/desarrollo.grupomedios.com\/futbol\/wp-json\/wp\/v2\/comments?post=379874"}],"version-history":[{"count":0,"href":"http:\/\/desarrollo.grupomedios.com\/futbol\/wp-json\/wp\/v2\/posts\/379874\/revisions"}],"wp:featuredmedia":[{"embeddable":true,"href":"http:\/\/desarrollo.grupomedios.com\/futbol\/wp-json\/wp\/v2\/media\/379875"}],"wp:attachment":[{"href":"http:\/\/desarrollo.grupomedios.com\/futbol\/wp-json\/wp\/v2\/media?parent=379874"}],"wp:term":[{"taxonomy":"category","embeddable":true,"href":"http:\/\/desarrollo.grupomedios.com\/futbol\/wp-json\/wp\/v2\/categories?post=379874"},{"taxonomy":"post_tag","embeddable":true,"href":"http:\/\/desarrollo.grupomedios.com\/futbol\/wp-json\/wp\/v2\/tags?post=379874"}],"curies":[{"name":"wp","href":"https:\/\/api.w.org\/{rel}","templated":true}]}}