{"id":380005,"date":"2016-03-12T19:57:54","date_gmt":"2016-03-13T01:57:54","guid":{"rendered":"http:\/\/www.futboltotal.com.mx\/?p=380005"},"modified":"2016-03-12T21:28:36","modified_gmt":"2016-03-13T03:28:36","slug":"increible-hiddink-defiende-actitudes-diego-costa","status":"publish","type":"post","link":"http:\/\/desarrollo.grupomedios.com\/futbol\/futbol-internacional\/increible-hiddink-defiende-actitudes-diego-costa\/2016\/03","title":{"rendered":"\u00a1Incre\u00edble! Hiddink defiende actitudes de Diego Costa"},"content":{"rendered":"<p><strong>Guus Hiddink<\/strong> sali\u00f3 en defensa de <strong>Diego Costa<\/strong> tras los acontecimientos sucedidos durante el partido de la FA Cup entre el Everton y el Chelsea. El hispanobrasile\u00f1o escupi\u00f3 a los pies del \u00e1rbitro tras encararse con \u00e9l por mostrarle una amarilla tras un choque con Barry y despu\u00e9s vio la roja tras enfrentarse con \u00e9ste y morderle en el cuello. Para calmar o disimular un poco su agresi\u00f3n, termin\u00f3 abrazando al mediocampista del Everton y solt\u00f3 una risa como de una persona demente.<\/p>\n<p style=\"text-align: center;\"><strong><span style=\"color: #3366ff;\"><a style=\"color: #3366ff;\" href=\"http:\/\/www.futboltotal.com.mx\/2016\/03\/memes-la-mordida-diego-costa\/\">LEER M\u00c1S: Memes de la mordida de Costa<\/a><\/span><\/strong><\/p>\n<p>Pero el t\u00e9cnico <em>blue, <\/em><strong>Guus Hiddink<\/strong><em>,\u00a0<\/em>se\u00f1al\u00f3 que no vio la acci\u00f3n y que no era el momento adecuado de juzgar.\u00a0&#8220;No es momento ahora para preguntar. No he visto que Diego Costa mordiera a Barry, por eso creo que se merece un juicio digno antes de juzgarlo&#8221;, refiri\u00f3 en principio el estratega holand\u00e9s.<\/p>\n<p>&#8220;Lo que creo es que fue perseguido por los rivales durante el partido hasta que fue expulsado. Iban un poco tras \u00e9l, el \u00e1rbitro no tiene que proteger, pero s\u00ed saber cuando van detr\u00e1s de un jugador&#8221;, declar\u00f3 Hiddink.<\/p>\n<p style=\"text-align: center;\"><span style=\"color: #3366ff;\"><strong><a style=\"color: #3366ff;\" href=\"http:\/\/www.futboltotal.com.mx\/2016\/03\/diego-costa-muerde-a-rival-le-escupe-al-arbitro\/\">LEER M\u00c1S: Diego Costa muerde a rival y escupe al \u00e1rbitro<\/a><\/strong><\/span><\/p>\n<p>&#8220;Hay una pel\u00edcula de Jack Nicholson sobre eso. Igual la podemos ver juntos&#8221;, a\u00f1adi\u00f3 Hiddink cuando le preguntaron sobre c\u00f3mo podr\u00eda Diego Costa controlar su ira.<\/p>\n","protected":false},"excerpt":{"rendered":"<p>Guus Hiddink sali\u00f3 en defensa de Diego Costa tras los acontecimientos sucedidos durante el partido de la FA Cup entre el Everton y el Chelsea. El hispanobrasile\u00f1o escupi\u00f3 a los pies del \u00e1rbitro tras encararse con \u00e9l por mostrarle una amarilla tras un choque con Barry y despu\u00e9s vio la roja tras enfrentarse con \u00e9ste [&hellip;]<\/p>\n","protected":false},"author":20,"featured_media":380038,"comment_status":"closed","ping_status":"closed","sticky":false,"template":"","format":"standard","meta":[],"categories":[3839,5951],"tags":[5981,3205,6602],"_links":{"self":[{"href":"http:\/\/desarrollo.grupomedios.com\/futbol\/wp-json\/wp\/v2\/posts\/380005"}],"collection":[{"href":"http:\/\/desarrollo.grupomedios.com\/futbol\/wp-json\/wp\/v2\/posts"}],"about":[{"href":"http:\/\/desarrollo.grupomedios.com\/futbol\/wp-json\/wp\/v2\/types\/post"}],"author":[{"embeddable":true,"href":"http:\/\/desarrollo.grupomedios.com\/futbol\/wp-json\/wp\/v2\/users\/20"}],"replies":[{"embeddable":true,"href":"http:\/\/desarrollo.grupomedios.com\/futbol\/wp-json\/wp\/v2\/comments?post=380005"}],"version-history":[{"count":0,"href":"http:\/\/desarrollo.grupomedios.com\/futbol\/wp-json\/wp\/v2\/posts\/380005\/revisions"}],"wp:featuredmedia":[{"embeddable":true,"href":"http:\/\/desarrollo.grupomedios.com\/futbol\/wp-json\/wp\/v2\/media\/380038"}],"wp:attachment":[{"href":"http:\/\/desarrollo.grupomedios.com\/futbol\/wp-json\/wp\/v2\/media?parent=380005"}],"wp:term":[{"taxonomy":"category","embeddable":true,"href":"http:\/\/desarrollo.grupomedios.com\/futbol\/wp-json\/wp\/v2\/categories?post=380005"},{"taxonomy":"post_tag","embeddable":true,"href":"http:\/\/desarrollo.grupomedios.com\/futbol\/wp-json\/wp\/v2\/tags?post=380005"}],"curies":[{"name":"wp","href":"https:\/\/api.w.org\/{rel}","templated":true}]}}