{"id":380101,"date":"2016-03-13T12:29:14","date_gmt":"2016-03-13T18:29:14","guid":{"rendered":"http:\/\/www.futboltotal.com.mx\/?p=380101"},"modified":"2016-03-13T12:31:21","modified_gmt":"2016-03-13T18:31:21","slug":"costa-no-mordio-a-barry","status":"publish","type":"post","link":"http:\/\/desarrollo.grupomedios.com\/futbol\/futbol-internacional\/costa-no-mordio-a-barry\/2016\/03","title":{"rendered":"Diego Costa no mordi\u00f3 a Barry"},"content":{"rendered":"<p>El mediocampista del Everton, <strong>Gareth Barry<\/strong>, admiti\u00f3 que el delantero del Chelsea, <strong>Diego Costa<\/strong>, no lo mordi\u00f3 durante el partido de la FA Cup de este s\u00e1bado.<\/p>\n<p>Luego del pol\u00e9mico incidente que deriv\u00f3 en la expulsi\u00f3n de <strong>Diego Costa<\/strong>, <strong>Barry<\/strong> no quiso hablar con los medios de comunicaci\u00f3n tras el partido; sin embargo este d\u00eda neg\u00f3 en redes sociales ser atacado por el delantero hispano-brasile\u00f1o.<\/p>\n<blockquote class=\"twitter-tweet\" data-lang=\"es\">\n<p dir=\"ltr\" lang=\"en\">Gareth Barry confirms <a href=\"https:\/\/twitter.com\/ChelseaFC\">@ChelseaFC<\/a> forward Diego Costa did not bite him. More here: <a href=\"https:\/\/t.co\/9EPA6ByvGZ\">https:\/\/t.co\/9EPA6ByvGZ<\/a> <a href=\"https:\/\/twitter.com\/hashtag\/SSNHQ?src=hash\">#SSNHQ<\/a> <a href=\"https:\/\/t.co\/SPFbGtssra\">pic.twitter.com\/SPFbGtssra<\/a><\/p>\n<p>\u2014 Sky Sports News HQ (@SkySportsNewsHQ) <a href=\"https:\/\/twitter.com\/SkySportsNewsHQ\/status\/709049161006637056\">13 de marzo de 2016<\/a><\/p><\/blockquote>\n<p><script src=\"\/\/platform.twitter.com\/widgets.js\" async=\"\" charset=\"utf-8\"><\/script><\/p>\n<p>&#8220;He visto demasiados comentarios acerca del incidente entre Costa y yo en el juego de anoche. Solo aclaro que Diego Costa no me mordi\u00f3&#8221;, public\u00f3 Barry en <em>Fanzai<\/em>.<\/p>\n<p>De acuerdo con el diario <em>The Guardian,<\/em> el delantero del Chelsea tuvo una charla con los altos mandos de los <em>Blues<\/em> y asegur\u00f3 que no mordi\u00f3 a Barry y pidi\u00f3 disculpas por la actitud que tuvo en el campo.<\/p>\n<p>Por ahora, la FA est\u00e1 a la espera del informe que rinda el \u00e1rbitro Michael Oliver y ser\u00e1 hasta despu\u00e9s de haberlo valorado cuando determine el castigo que habr\u00e1 de imponer a Costa, quien tras encararse con Barry fue amonestado por segunda vez y a consecuencia expulsado por primera vez.<\/p>\n<p style=\"text-align: center;\"><span style=\"color: #3366ff;\"><strong><a style=\"color: #3366ff;\" href=\"http:\/\/www.futboltotal.com.mx\/futbol-internacional\/\">LEER M\u00c1S: Todas las noticias de futbol internacional\u00a0<\/a><\/strong><\/span><\/p>\n","protected":false},"excerpt":{"rendered":"<p>Gareth Barry aclara el incidente ocurrido con el delantero el Chelsea en la FA Cup<\/p>\n","protected":false},"author":20,"featured_media":380124,"comment_status":"closed","ping_status":"closed","sticky":false,"template":"","format":"standard","meta":[],"categories":[3839,3846,5951],"tags":[6886,5981,3205],"_links":{"self":[{"href":"http:\/\/desarrollo.grupomedios.com\/futbol\/wp-json\/wp\/v2\/posts\/380101"}],"collection":[{"href":"http:\/\/desarrollo.grupomedios.com\/futbol\/wp-json\/wp\/v2\/posts"}],"about":[{"href":"http:\/\/desarrollo.grupomedios.com\/futbol\/wp-json\/wp\/v2\/types\/post"}],"author":[{"embeddable":true,"href":"http:\/\/desarrollo.grupomedios.com\/futbol\/wp-json\/wp\/v2\/users\/20"}],"replies":[{"embeddable":true,"href":"http:\/\/desarrollo.grupomedios.com\/futbol\/wp-json\/wp\/v2\/comments?post=380101"}],"version-history":[{"count":0,"href":"http:\/\/desarrollo.grupomedios.com\/futbol\/wp-json\/wp\/v2\/posts\/380101\/revisions"}],"wp:featuredmedia":[{"embeddable":true,"href":"http:\/\/desarrollo.grupomedios.com\/futbol\/wp-json\/wp\/v2\/media\/380124"}],"wp:attachment":[{"href":"http:\/\/desarrollo.grupomedios.com\/futbol\/wp-json\/wp\/v2\/media?parent=380101"}],"wp:term":[{"taxonomy":"category","embeddable":true,"href":"http:\/\/desarrollo.grupomedios.com\/futbol\/wp-json\/wp\/v2\/categories?post=380101"},{"taxonomy":"post_tag","embeddable":true,"href":"http:\/\/desarrollo.grupomedios.com\/futbol\/wp-json\/wp\/v2\/tags?post=380101"}],"curies":[{"name":"wp","href":"https:\/\/api.w.org\/{rel}","templated":true}]}}