{"id":380131,"date":"2016-03-13T14:04:27","date_gmt":"2016-03-13T20:04:27","guid":{"rendered":"http:\/\/www.futboltotal.com.mx\/?p=380131"},"modified":"2016-03-13T14:27:01","modified_gmt":"2016-03-13T20:27:01","slug":"cinco-polemicas-diego-costa","status":"publish","type":"post","link":"http:\/\/desarrollo.grupomedios.com\/futbol\/futbol-internacional\/cinco-polemicas-diego-costa\/2016\/03","title":{"rendered":"Cinco pol\u00e9micas de Diego Costa"},"content":{"rendered":"<p><strong>Diego Costa<\/strong>\u00a0es de mecha corta en el campo, cuando disputa el bal\u00f3n y se topa con alg\u00fan aguerrido rival; m\u00e1s que inteligente es temperamental, vulnerable. El delantero del Chelsea pierde la cordura con facilidad y en el duelo ante el Everton de la FA Cup lo dej\u00f3 m\u00e1s que claro: intent\u00f3 morder al mediocampista del Everton, Gareth Barry, y lanz\u00f3 un escupitajo al \u00e1rbitro.<\/p>\n<p>No es la primera vez que el delantero del Chelsea saca el cobre y ese lado pendenciero que lo traiciona. Por ello recordamos cinco ocasiones en las cuales ha dado de qu\u00e9 hablar por su actitud explosiva.<\/p>\n<p><strong>Manotazos con Laurent Koscielny y Gabriel Paulista\u00a0<\/strong>| Durante la pasada temporada, Costa \u00a0mostr\u00f3 una faceta poco amigable para quitarse la marca del rival. A\u00a0Koscielny le asest\u00f3 unos cu\u00e1ntos manotazos y poco despu\u00e9s lo encar\u00f3 y derrib\u00f3 en el \u00e1rea con un pechazo. En ese mismo partido desquici\u00f3 a Paulista, quien tras intentar calmar los \u00e1nimos cay\u00f3 en la provocaci\u00f3n y termin\u00f3 por tirarle una patada que le vali\u00f3 la tarjeta roja.<\/p>\n<p><iframe loading=\"lazy\" src=\"https:\/\/www.youtube.com\/embed\/-whglmVGeSY\" frameborder=\"0\" allowfullscreen=\"allowfullscreen\"><\/iframe><\/p>\n<p><strong>Pisotones a Emre Can, Skartl y pleito con Gerrard <\/strong>| La Capital One Cup y los <em>Reds <\/em>recuerdan el futbol de barrio de\u00a0Diego Costa. Y m\u00e1s que por genialidades, fue por la confrontaci\u00f3n que tuvo con el legendario capit\u00e1n del Liverpool, quien termin\u00f3 en el piso por una falta del brasile\u00f1o. Gerrard respondi\u00f3 a la provocaci\u00f3n, intent\u00f3 derribar a Costa y lo empuj\u00f3. El brasile\u00f1o no se qued\u00f3 atr\u00e1s y lo ret\u00f3 como si fuese un colegial. Al final los dos terminaron amonestados.<\/p>\n<p><iframe loading=\"lazy\" src=\"https:\/\/www.youtube.com\/embed\/NmyNHmbzn6E\" frameborder=\"0\" allowfullscreen=\"allowfullscreen\"><\/iframe><\/p>\n<p><strong>Guerra con Marquinhos <\/strong>| La Champions League de la temporada 2014-15 no fue la excepci\u00f3n y con el defensa del PSG tuvo un duelo de poder a poder. La jugada que lo retrata se dio despu\u00e9s de que Marquinhos impidi\u00f3 a Costa meterse al \u00e1rea con un obstrucci\u00f3n. Instantes despu\u00e9s, el brasile\u00f1o no solo reclam\u00f3 al \u00e1rbitro, sino cual justiciero esper\u00f3 el momento oportuno asestar un soberbio empuj\u00f3\u00a0al zaguero, que termin\u00f3 comiendo pasto. Diego tambi\u00e9n tuvo piqu\u00e9s con David Luiz y Thiago Silva, y a este \u00faltimo le cometi\u00f3 una dura falta por detr\u00e1s que le vali\u00f3 la tarjeta amarilla.<br \/>\n<iframe loading=\"lazy\" src=\"https:\/\/www.youtube.com\/embed\/I6Y7ukP6CoM\" frameborder=\"0\" allowfullscreen=\"allowfullscreen\"><\/iframe><\/p>\n<p><strong>Escupitajos con Sergio Ramos <\/strong>|\u00a0Durante un derbi contra el Real Madrid, Costa se enfrasc\u00f3 en un duelo con el t\u00e1ndem de centrales Sergio Ramos y Pepe. Hubo provocaciones de toda clase: desde los cl\u00e1sicos empujones a bal\u00f3n parado, mentadas y hasta escupitajos con mano negra. El delantero de los<em> Colchoneros\u00a0<\/em>sali\u00f3 bien librado y al termin\u00f3 del partido olvid\u00f3 los puyazos con Ramos y Pepe y, con ya con la cabeza fr\u00eda, a cada uno les dio la mano dentro del campo.<\/p>\n<p><iframe loading=\"lazy\" src=\"https:\/\/www.youtube.com\/embed\/eBNIQM3Bi6M\" frameborder=\"0\" allowfullscreen=\"allowfullscreen\"><\/iframe><\/p>\n<p><strong>Teatro en estado puro <\/strong>|<strong>\u00a0<\/strong>En 2013, durante un partido de Liga, el oriundo de Lagarto tuvo un partido para el olvido en el que, adem\u00e1s de irse sin gol, recibi\u00f3 un cabezazo del defensa Juan Cala. Costa termin\u00f3 amonestado -se perdi\u00f3 el derbi ante Real Madrid por acumulaci\u00f3n de tarjetas- y el entrenador Diego Simeone tuvo que sustituirlo para poner tierra de por medio. El hispano-brasile\u00f1o sali\u00f3 f\u00farico y, tras encarar a la afici\u00f3n del Sevilla, termin\u00f3 con un rabieta en el banquillo.<\/p>\n<p><iframe loading=\"lazy\" src=\"https:\/\/www.youtube.com\/embed\/iXJHTXJeAlU\" frameborder=\"0\" allowfullscreen=\"allowfullscreen\"><\/iframe><\/p>\n","protected":false},"excerpt":{"rendered":"<p>El goleador del Chelsea dinamita la cancha con su lado conflictivo y antideportivo <\/p>\n","protected":false},"author":20,"featured_media":380175,"comment_status":"closed","ping_status":"closed","sticky":false,"template":"","format":"standard","meta":[],"categories":[3839,3846,5951],"tags":[5981,3205,6887,2228],"_links":{"self":[{"href":"http:\/\/desarrollo.grupomedios.com\/futbol\/wp-json\/wp\/v2\/posts\/380131"}],"collection":[{"href":"http:\/\/desarrollo.grupomedios.com\/futbol\/wp-json\/wp\/v2\/posts"}],"about":[{"href":"http:\/\/desarrollo.grupomedios.com\/futbol\/wp-json\/wp\/v2\/types\/post"}],"author":[{"embeddable":true,"href":"http:\/\/desarrollo.grupomedios.com\/futbol\/wp-json\/wp\/v2\/users\/20"}],"replies":[{"embeddable":true,"href":"http:\/\/desarrollo.grupomedios.com\/futbol\/wp-json\/wp\/v2\/comments?post=380131"}],"version-history":[{"count":0,"href":"http:\/\/desarrollo.grupomedios.com\/futbol\/wp-json\/wp\/v2\/posts\/380131\/revisions"}],"wp:featuredmedia":[{"embeddable":true,"href":"http:\/\/desarrollo.grupomedios.com\/futbol\/wp-json\/wp\/v2\/media\/380175"}],"wp:attachment":[{"href":"http:\/\/desarrollo.grupomedios.com\/futbol\/wp-json\/wp\/v2\/media?parent=380131"}],"wp:term":[{"taxonomy":"category","embeddable":true,"href":"http:\/\/desarrollo.grupomedios.com\/futbol\/wp-json\/wp\/v2\/categories?post=380131"},{"taxonomy":"post_tag","embeddable":true,"href":"http:\/\/desarrollo.grupomedios.com\/futbol\/wp-json\/wp\/v2\/tags?post=380131"}],"curies":[{"name":"wp","href":"https:\/\/api.w.org\/{rel}","templated":true}]}}