{"id":380256,"date":"2016-03-13T18:30:55","date_gmt":"2016-03-14T00:30:55","guid":{"rendered":"http:\/\/www.futboltotal.com.mx\/?p=380256"},"modified":"2016-03-13T18:33:54","modified_gmt":"2016-03-14T00:33:54","slug":"este-toluca-ambicioso-jose-cardozo","status":"publish","type":"post","link":"http:\/\/desarrollo.grupomedios.com\/futbol\/futbol-mexicano\/este-toluca-ambicioso-jose-cardozo\/2016\/03","title":{"rendered":"Este Toluca es ambicioso: Jos\u00e9 Cardozo"},"content":{"rendered":"<p>El director t\u00e9cnico del <strong><a href=\"http:\/\/futboltotal.com.mx\/equipos\/toluca\/\" target=\"_blank\">Toluca<\/a><\/strong>, <strong>Jos\u00e9 Saturnino Cardozo<\/strong>, habl\u00f3 en conferencia de prensa despu\u00e9s del encuentro entre los <em>Diablos<\/em> y <em>Dorados<\/em>, donde el conjunto mexiquense gole\u00f3 al <em>Gran Pez<\/em> y concluy\u00f3 una semana de actividad, de manera perfecta, pues en ambos torneos se mantiene con vida, al haber ganado como visitante, en Ecuador.<\/p>\n<p>Ante los rumores sobre la salida de <strong>Jos\u00e9 Cardozo<\/strong> del tim\u00f3n del <strong>Toluca<\/strong>, el estratega guaran\u00ed se dice despreocupado, pues mantiene a los <em>Diablos<\/em> en un buen lugar en la Copa Libertadores, y en la Liga MX, la escuadra escarlata a\u00fan sigue con vida.<\/p>\n<p>&#8220;Es normal que pase eso cuando no se gana y m\u00e1s cuando un equipo grande como <strong>Toluca<\/strong> tiene siete puntos. Ya he dicho que si las cosas van mal el primero en dar un paso al costado soy yo, pero el equipo est\u00e1 trabajando bien y lo que nos halagaba era la contundencia. No pienso ni me preocupo en eso porque s\u00e9 que estoy trabajando bien&#8221;, declar\u00f3 <strong>Jos\u00e9 Cardozo<\/strong>.<\/p>\n<p style=\"text-align: center;\"><span style=\"color: #3366ff;\"><strong><a style=\"color: #3366ff;\" href=\"http:\/\/www.futboltotal.com.mx\/2016\/03\/resultados-liga-mx-toluca-3-0-dorados-clausura-2016\/\" target=\"_blank\">LEER M\u00c1S: Toluca aplasta a Dorados<\/a><\/strong><\/span><\/p>\n<p>El 3-0 sobre Dorados, da seguridad a <strong>Jos\u00e9 Cardozo<\/strong> y al <strong>Toluca<\/strong>, de que pueden competir en los dos torneos, sin ning\u00fan inconveniente, y el estratega lo sabe, porque sus futbolistas se comprometieron y est\u00e1 viendo los resultados en la cancha.<\/p>\n<p>&#8220;Nos restan siete partidos y si ganamos cinco m\u00e1s estamos en Liguilla. Hay un compromiso enorme en el plantel y no tengo ninguna duda de que este equipo har\u00e1 bien las cosas en Liga y Copa Libertadores con hambre y ambici\u00f3n. Ten\u00edamos que ganar este partido porque en Copa llevamos paso perfecto. Hablamos antes y dijimos que deb\u00edamos ganar con autoridad. Es para felicitar a los jugadores porque se ha viajado y la concentraci\u00f3n ha sido larga sin ver a la familia, a\u00fan as\u00ed sacaron la actitud&#8221;, concluy\u00f3 el director t\u00e9cnico del <strong>Toluca<\/strong>.<\/p>\n<p><span style=\"color: #ff0000;\">VIDEO: los cinco mejores goles de <strong>Walter Gait\u00e1n<\/strong> con <strong>Tigres<\/strong>:<\/span><\/p>\n<p>[video_player]https:\/\/player.vimeo.com\/external\/158678145.sd.mp4?s=85c2477b1ffb41bb54e588a70ba5f3122ac212f5&amp;profile_id=165[\/video_player]<\/p>\n","protected":false},"excerpt":{"rendered":"<p>Los Diablos cerraron la semana de forma excepcional<\/p>\n","protected":false},"author":20,"featured_media":380258,"comment_status":"closed","ping_status":"closed","sticky":false,"template":"","format":"standard","meta":[],"categories":[2198,3845,5950],"tags":[3642,64,5975],"_links":{"self":[{"href":"http:\/\/desarrollo.grupomedios.com\/futbol\/wp-json\/wp\/v2\/posts\/380256"}],"collection":[{"href":"http:\/\/desarrollo.grupomedios.com\/futbol\/wp-json\/wp\/v2\/posts"}],"about":[{"href":"http:\/\/desarrollo.grupomedios.com\/futbol\/wp-json\/wp\/v2\/types\/post"}],"author":[{"embeddable":true,"href":"http:\/\/desarrollo.grupomedios.com\/futbol\/wp-json\/wp\/v2\/users\/20"}],"replies":[{"embeddable":true,"href":"http:\/\/desarrollo.grupomedios.com\/futbol\/wp-json\/wp\/v2\/comments?post=380256"}],"version-history":[{"count":0,"href":"http:\/\/desarrollo.grupomedios.com\/futbol\/wp-json\/wp\/v2\/posts\/380256\/revisions"}],"wp:featuredmedia":[{"embeddable":true,"href":"http:\/\/desarrollo.grupomedios.com\/futbol\/wp-json\/wp\/v2\/media\/380258"}],"wp:attachment":[{"href":"http:\/\/desarrollo.grupomedios.com\/futbol\/wp-json\/wp\/v2\/media?parent=380256"}],"wp:term":[{"taxonomy":"category","embeddable":true,"href":"http:\/\/desarrollo.grupomedios.com\/futbol\/wp-json\/wp\/v2\/categories?post=380256"},{"taxonomy":"post_tag","embeddable":true,"href":"http:\/\/desarrollo.grupomedios.com\/futbol\/wp-json\/wp\/v2\/tags?post=380256"}],"curies":[{"name":"wp","href":"https:\/\/api.w.org\/{rel}","templated":true}]}}