{"id":380415,"date":"2016-03-14T13:05:08","date_gmt":"2016-03-14T19:05:08","guid":{"rendered":"http:\/\/www.futboltotal.com.mx\/?p=380415"},"modified":"2016-03-15T12:58:16","modified_gmt":"2016-03-15T18:58:16","slug":"rechazan-regreso-benzema-a-la-seleccion-francia","status":"publish","type":"post","link":"http:\/\/desarrollo.grupomedios.com\/futbol\/futbol-internacional\/rechazan-regreso-benzema-a-la-seleccion-francia\/2016\/03","title":{"rendered":"Rechazan regreso de Benzema a la Selecci\u00f3n de Francia"},"content":{"rendered":"<p>A poco menos de tres meses para que inicie la <strong>Eurocopa 2016<\/strong> contin\u00faan las opocisiones al regreso de <strong>Karim Benzema<\/strong> con la <strong>Selecci\u00f3n de Francia<\/strong>.<\/p>\n<p>La pol\u00e9mica y la investigaci\u00f3n judicial que involucra al delantero franc\u00e9s en un presunto chantaje sexual a su compa\u00f1ero de selecci\u00f3n Mathieu Valbuena, ha hecho que el ministro franc\u00e9s de Deportes, Patrick Kanner, afirme que Benzema no es digno de portar la camiseta de<em> Les Bleus.<\/em><\/p>\n<p style=\"text-align: center;\"><span style=\"color: #3366ff;\"><strong><a style=\"color: #3366ff;\" href=\"http:\/\/www.futboltotal.com.mx\/futbol-internacional\/\">LEER M\u00c1S: Todas las noticias de futbol internacional<\/a><\/strong><\/span><\/p>\n<p>\u201cCreo que cuando se firma la carta de deontolog\u00eda para ser miembro del equipo de Francia es para respetarla. Y creo que las condiciones deontol\u00f3gicas hoy no se re\u00fanen para Benzema\u201d, declar\u00f3 el ministro en una radiodifusora gala.<\/p>\n<p>\u201cLa ejemplaridad, la probidad y el valor humano y judicial de los jugadores debe ser tomado en cuenta para portar la playera de la selecci\u00f3n nacional francesa&#8221;, indic\u00f3 el dirigente, al tiempo que precis\u00f3: &#8220;La decisi\u00f3n ser\u00e1 del entrenador Didier Deschamps&#8221;.<\/p>\n<p>Benzema fue apartado de la selecci\u00f3n desde el pasado 5 de noviembre -coincidi\u00f3 con una lesi\u00f3n que sufri\u00f3 con el Real Madrid- tras darse a conocer que habr\u00eda participado en la extorsi\u00f3n a su compa\u00f1ero Valbuena.<\/p>\n<p>El pasado mes de febrero, la Corte de Apelaci\u00f3n de Versalles levant\u00f3 un control judicial que pesaba sobre el delantero y con ello se abri\u00f3 la posibilidad de su retorno a la selecci\u00f3n gala.<\/p>\n<p>Para la pr\u00f3xima Fecha FIFA, en la que Francia enfrenta en amistosos a Holanda y Rusia, es poco probable que el delantero reciba un llamado, toda vez que se encuentra en el \u00faltimo tramo de su recuperaci\u00f3n luego de lesionarse el paado 29 de febrero ante Atl\u00e9tico de Madrid. En caso contrario, la decisi\u00f3n deber\u00e1 ser avalada y confirmada por el presidente de la Federaci\u00f3n Francesa de Futbol (FFF) Noel Le Graet.<\/p>\n<p style=\"text-align: center;\"><span style=\"color: #3366ff;\"><strong><a style=\"color: #3366ff;\" href=\"http:\/\/www.futboltotal.com.mx\/?s=Eurocopa\">LEER M\u00c1S: Todas las noticias de la Eurocopa<\/a><\/strong><\/span><\/p>\n","protected":false},"excerpt":{"rendered":"<p>La participaci\u00f3n del ariete franc\u00e9s en la Eurocopa sigue en duda<\/p>\n","protected":false},"author":20,"featured_media":380420,"comment_status":"closed","ping_status":"closed","sticky":false,"template":"","format":"standard","meta":[],"categories":[3839],"tags":[6042,2749],"_links":{"self":[{"href":"http:\/\/desarrollo.grupomedios.com\/futbol\/wp-json\/wp\/v2\/posts\/380415"}],"collection":[{"href":"http:\/\/desarrollo.grupomedios.com\/futbol\/wp-json\/wp\/v2\/posts"}],"about":[{"href":"http:\/\/desarrollo.grupomedios.com\/futbol\/wp-json\/wp\/v2\/types\/post"}],"author":[{"embeddable":true,"href":"http:\/\/desarrollo.grupomedios.com\/futbol\/wp-json\/wp\/v2\/users\/20"}],"replies":[{"embeddable":true,"href":"http:\/\/desarrollo.grupomedios.com\/futbol\/wp-json\/wp\/v2\/comments?post=380415"}],"version-history":[{"count":0,"href":"http:\/\/desarrollo.grupomedios.com\/futbol\/wp-json\/wp\/v2\/posts\/380415\/revisions"}],"wp:featuredmedia":[{"embeddable":true,"href":"http:\/\/desarrollo.grupomedios.com\/futbol\/wp-json\/wp\/v2\/media\/380420"}],"wp:attachment":[{"href":"http:\/\/desarrollo.grupomedios.com\/futbol\/wp-json\/wp\/v2\/media?parent=380415"}],"wp:term":[{"taxonomy":"category","embeddable":true,"href":"http:\/\/desarrollo.grupomedios.com\/futbol\/wp-json\/wp\/v2\/categories?post=380415"},{"taxonomy":"post_tag","embeddable":true,"href":"http:\/\/desarrollo.grupomedios.com\/futbol\/wp-json\/wp\/v2\/tags?post=380415"}],"curies":[{"name":"wp","href":"https:\/\/api.w.org\/{rel}","templated":true}]}}