{"id":380481,"date":"2016-03-14T19:01:28","date_gmt":"2016-03-15T01:01:28","guid":{"rendered":"http:\/\/www.futboltotal.com.mx\/?p=380481"},"modified":"2016-03-14T19:06:30","modified_gmt":"2016-03-15T01:06:30","slug":"castigan-a-victor-manuel-vucetich","status":"publish","type":"post","link":"http:\/\/desarrollo.grupomedios.com\/futbol\/futbol-mexicano\/castigan-a-victor-manuel-vucetich\/2016\/03","title":{"rendered":"Castigan a V\u00edctor Manuel Vucetich"},"content":{"rendered":"<p>La Comisi\u00f3n Disciplinaria de la <strong><a href=\"http:\/\/www.futboltotal.com.mx\/futbol-mexicano\/\" target=\"_blank\">Liga MX<\/a><\/strong> dio a conocer la lista de sancionados tras la jornada 10 del Clausura 2016, donde destaca la suspensi\u00f3n de <strong>V\u00edctor Manuel Vucetich<\/strong>, quien sali\u00f3 expulsado del encuentro entre Le\u00f3n y Quer\u00e9taro.<\/p>\n<p>La <strong>Liga MX<\/strong> dio a conocer que fueron seis los sancionados tras la jornada 10 del Clausura 2016, dos son miembros de un cuerpo t\u00e9cnico; pero todos fueron suspendidos \u00fanicamente por un partido.<\/p>\n<p>&#8220;<strong>V\u00edctor Manuel Vucetich<\/strong>, director t\u00e9cnico del Quer\u00e9taro, se lleva sanci\u00f3n de un encuentro por hacer constantes reclamaciones o protestar las decisiones de cualquiera de los integrantes del Cuerpo Arbitral. Mauro Cejas, del Puebla, y Guido Bonini, preparador f\u00edsico del Guadalajara, se perder\u00e1n un cotejo por recibir faltar al respeto a los Oficiales del partido&#8221;, se\u00f1al\u00f3 la Comisi\u00f3n Disciplinaria de la <strong>Liga MX<\/strong>, en comunicado.<\/p>\n<p style=\"text-align: center;\"><strong><span style=\"color: #3366ff;\"><a style=\"color: #3366ff;\" href=\"http:\/\/www.futboltotal.com.mx\/2016\/03\/fue-robo-chicharito-a-oribe-peralta-tras-chivas-vs-america\/\" target=\"_blank\">LEER M\u00c1S: &#8220;Fue robo&#8221;, se\u00f1ala Chicharito a Oribe tras el Cl\u00e1sico<\/a><\/span><\/strong><\/p>\n<p>Por otra parte, Carlos Cisneros, de\u00a0Chivas y Paolo Goltz, del Am\u00e9rica, fueron sancionados por ser culpables de juego brusco grave.\u00a0El otro jugador con un duelo de suspensi\u00f3n es N\u00e9stor Vidrio, de Dorados, por ser culpable de conducta violenta. Los dos \u00faltimos,\u00a0recibieron amonestaci\u00f3n previa en sus respectivos encuentros.<\/p>\n<p><span style=\"color: #ff0000;\"><strong>VIDEO<\/strong>: Mejores goles de la\u00a0<strong>jornada\u00a010<\/strong>\u00a0del\u00a0<strong>Clausura del 2016<\/strong><\/span>:<\/p>\n<p>[video_player]https:\/\/player.vimeo.com\/external\/158939839.hd.mp4?s=641e10f1d5ef565c6bbab5a178e8e2b466efef08&amp;profile_id=113[\/video_player]<\/p>\n","protected":false},"excerpt":{"rendered":"<p>El estratega se encuentra entre los sancionados de la Comisi\u00f3n Disciplinaria<\/p>\n","protected":false},"author":20,"featured_media":380487,"comment_status":"closed","ping_status":"closed","sticky":false,"template":"","format":"standard","meta":[],"categories":[2198,3845,5950],"tags":[64,1575],"_links":{"self":[{"href":"http:\/\/desarrollo.grupomedios.com\/futbol\/wp-json\/wp\/v2\/posts\/380481"}],"collection":[{"href":"http:\/\/desarrollo.grupomedios.com\/futbol\/wp-json\/wp\/v2\/posts"}],"about":[{"href":"http:\/\/desarrollo.grupomedios.com\/futbol\/wp-json\/wp\/v2\/types\/post"}],"author":[{"embeddable":true,"href":"http:\/\/desarrollo.grupomedios.com\/futbol\/wp-json\/wp\/v2\/users\/20"}],"replies":[{"embeddable":true,"href":"http:\/\/desarrollo.grupomedios.com\/futbol\/wp-json\/wp\/v2\/comments?post=380481"}],"version-history":[{"count":0,"href":"http:\/\/desarrollo.grupomedios.com\/futbol\/wp-json\/wp\/v2\/posts\/380481\/revisions"}],"wp:featuredmedia":[{"embeddable":true,"href":"http:\/\/desarrollo.grupomedios.com\/futbol\/wp-json\/wp\/v2\/media\/380487"}],"wp:attachment":[{"href":"http:\/\/desarrollo.grupomedios.com\/futbol\/wp-json\/wp\/v2\/media?parent=380481"}],"wp:term":[{"taxonomy":"category","embeddable":true,"href":"http:\/\/desarrollo.grupomedios.com\/futbol\/wp-json\/wp\/v2\/categories?post=380481"},{"taxonomy":"post_tag","embeddable":true,"href":"http:\/\/desarrollo.grupomedios.com\/futbol\/wp-json\/wp\/v2\/tags?post=380481"}],"curies":[{"name":"wp","href":"https:\/\/api.w.org\/{rel}","templated":true}]}}