{"id":380517,"date":"2016-03-15T08:17:35","date_gmt":"2016-03-15T14:17:35","guid":{"rendered":"http:\/\/www.futboltotal.com.mx\/?p=380517"},"modified":"2016-03-15T13:11:53","modified_gmt":"2016-03-15T19:11:53","slug":"angel-reyna-catalogo-a-chepo-traicionero","status":"publish","type":"post","link":"http:\/\/desarrollo.grupomedios.com\/futbol\/futbol-mexicano\/angel-reyna-catalogo-a-chepo-traicionero\/2016\/03","title":{"rendered":"\u00c1ngel Reyna explota contra el Chepo"},"content":{"rendered":"<p><strong>\u00c1ngel Reyna<\/strong> contin\u00faa causando pol\u00e9mica a\u00fan lejos de <strong>Chivas<\/strong>. Apenas unos d\u00edas despu\u00e9s de que -por acuerdo mutuo- abandonar la disciplina <em>rojiblanca<\/em>, acus\u00f3 a <strong>Jos\u00e9 Manuel de la Torre<\/strong> de ser un traicionero, al tiempo que lo\u00a0se\u00f1al\u00f3 como responsable de su salida del <em>Reba\u00f1o<\/em>.<\/p>\n<p>&#8220;Este se\u00f1or tiene soberbia. Me dijo muchas cosas con miedo. Le espanta que le hablen de frente. Ya hab\u00edamos tenido un problema en la Selecci\u00f3n Nacional. Le daba miedo hablar conmigo de frente&#8221;, asegur\u00f3 <strong>\u00c1ngel Reyna<\/strong>.<\/p>\n<p style=\"text-align: center;\"><strong><a style=\"color: #3366ff;\" href=\"http:\/\/www.futboltotal.com.mx\/2016\/03\/omar-bravo-causo-salida-angel-reyna-chivas\/\">LEER M\u00c1S: Omar Bravo, el enemigo de \u00c1ngel Reyna<\/a><\/strong><\/p>\n<p>&#8220;Cuando <em>Chepo<\/em> llega a <strong>Chivas<\/strong> yo fui el primero en hablar con \u00e9l y le ped\u00ed mi salida, porque sab\u00eda lo que iba a pasar&#8221;, declar\u00f3 para la el programa la\u00a0<em>\u00daltima Palabra<\/em>.<\/p>\n<p>El pol\u00e9mico futbolista reiter\u00f3 que el\u00a0<em>Chepo<\/em> no habla con la verdad. \u201cYo no hablo con gente traicionera. Hicimos un acuerdo. Le dije mi acuerdo con Jorge Vergara -propietario del equipo- de ser campe\u00f3n con <strong>Chivas<\/strong>; le coment\u00e9 que si no me iba a poner a jugar que me dejara ir. \u2018Yo te voy a poner y conf\u00eda en m\u00ed. Nos va a ir bien, Te vas a ganar tu lugar\u2019, me dijo\u201d.<\/p>\n<p style=\"text-align: center;\"><span style=\"color: #3366ff;\"><strong><a style=\"color: #3366ff;\" href=\"http:\/\/www.futboltotal.com.mx\/2016\/03\/ahora-chivas-busca-delanteros\/\">LEER MAS: Desde ahora, Chivas busca delanteros\u2026<\/a><\/strong><\/span><\/p>\n<p>Y no merm\u00f3 en sus cr\u00edticas: &#8220;Fue uno de los grandes problemas, una de las grandes piedras en mi camino. Es una persona sin valores, sin profesionalismo, al igual que N\u00e9stor (De la Torre,\u00a0otrora presidente del club). Se basan en enga\u00f1ar a la gente, a los medios en muchas cosas. Por eso quiero quise aclarar mi salida de <strong>Chivas<\/strong>&#8220;.<\/p>\n<p>\u201cYo siempre quer\u00eda jugar, defender los colores de<strong> Chivas<\/strong>. Yo quer\u00eda ser campe\u00f3n, por eso aguant\u00e9 tanto, pero tambi\u00e9n tengo palabras y cumpl\u00ed\u201d, dijo\u00a0<strong>\u00c1ngel Reyna<\/strong>\u00a0como mensaje a la afici\u00f3n del conjunto <em>rojiblanco<\/em>.<\/p>\n","protected":false},"excerpt":{"rendered":"<p>&#8220;Fue una de las grandes piedras en mi camino&#8221;<\/p>\n","protected":false},"author":20,"featured_media":380518,"comment_status":"closed","ping_status":"closed","sticky":false,"template":"","format":"standard","meta":[],"categories":[2198,3845,5950],"tags":[1659,795,70],"_links":{"self":[{"href":"http:\/\/desarrollo.grupomedios.com\/futbol\/wp-json\/wp\/v2\/posts\/380517"}],"collection":[{"href":"http:\/\/desarrollo.grupomedios.com\/futbol\/wp-json\/wp\/v2\/posts"}],"about":[{"href":"http:\/\/desarrollo.grupomedios.com\/futbol\/wp-json\/wp\/v2\/types\/post"}],"author":[{"embeddable":true,"href":"http:\/\/desarrollo.grupomedios.com\/futbol\/wp-json\/wp\/v2\/users\/20"}],"replies":[{"embeddable":true,"href":"http:\/\/desarrollo.grupomedios.com\/futbol\/wp-json\/wp\/v2\/comments?post=380517"}],"version-history":[{"count":0,"href":"http:\/\/desarrollo.grupomedios.com\/futbol\/wp-json\/wp\/v2\/posts\/380517\/revisions"}],"wp:featuredmedia":[{"embeddable":true,"href":"http:\/\/desarrollo.grupomedios.com\/futbol\/wp-json\/wp\/v2\/media\/380518"}],"wp:attachment":[{"href":"http:\/\/desarrollo.grupomedios.com\/futbol\/wp-json\/wp\/v2\/media?parent=380517"}],"wp:term":[{"taxonomy":"category","embeddable":true,"href":"http:\/\/desarrollo.grupomedios.com\/futbol\/wp-json\/wp\/v2\/categories?post=380517"},{"taxonomy":"post_tag","embeddable":true,"href":"http:\/\/desarrollo.grupomedios.com\/futbol\/wp-json\/wp\/v2\/tags?post=380517"}],"curies":[{"name":"wp","href":"https:\/\/api.w.org\/{rel}","templated":true}]}}