{"id":380551,"date":"2016-03-15T11:44:42","date_gmt":"2016-03-15T17:44:42","guid":{"rendered":"http:\/\/www.futboltotal.com.mx\/?p=380551"},"modified":"2016-03-15T11:44:42","modified_gmt":"2016-03-15T17:44:42","slug":"malaga-renueva-al-tecnico-guillermo-ochoa","status":"publish","type":"post","link":"http:\/\/desarrollo.grupomedios.com\/futbol\/futbol-internacional\/malaga-renueva-al-tecnico-guillermo-ochoa\/2016\/03","title":{"rendered":"M\u00e1laga renueva al t\u00e9cnico de Guillermo Ochoa"},"content":{"rendered":"<p><strong>Javi Gracia<\/strong>, t\u00e9cnico del <strong>M\u00e1laga<\/strong>, donde milita el arquero mexicano <strong>Guillermo Ochoa<\/strong>, renov\u00f3 su contrato con esta instituci\u00f3n por las pr\u00f3ximas tres temporadas, con el objetivo de cimentar y dar estabilidad al proyecto deportivo.<\/p>\n<p>Francesc Arnau, director deportivo del M\u00e1laga, present\u00f3 oficialmente el acuerdo de renovaci\u00f3n del t\u00e9cnico navarro, quien lleg\u00f3 a la entidad en 2014 para suplir al alem\u00e1n Bernd Schuster.<\/p>\n<p>&#8220;Desde el primer d\u00eda me he sentido como en casa. Estoy orgulloso de entrenar a un gran club como el M\u00e1laga, entrenar cada d\u00eda, ir mejorando e ir cada d\u00eda a m\u00e1s. La afici\u00f3n me ha hecho sentir uno m\u00e1s. Este es un club ambicioso y por eso quiero seguir aqu\u00ed\u201d, expuso el estratega.<\/p>\n<p style=\"text-align: center;\"><span style=\"color: #3366ff;\"><strong><a style=\"color: #3366ff;\" href=\"http:\/\/www.futboltotal.com.mx\/futbol-internacional\/\">LEER M\u00c1S: Todas las noticias de futbol internacional<\/a><\/strong><\/span><\/p>\n<p>\u201cEl paso del tiempo hace que uno se canse de todo y los entrenadores tambi\u00e9n. No siento ese desgaste al d\u00eda de hoy. Este club es \u00fanico y me siento feliz de seguir al frente del equipo\u201d, agreg\u00f3.<\/p>\n<p>Gracia estableci\u00f3 que el club no tiene margen de error en lo que resta de la temporada. Tendr\u00e1n nueve partidos de alto voltaje -los m\u00e1s complicados ser\u00e1n ante Athletic de Bilbao, Atl\u00e9tico de Madrid y Celta- y la t\u00f3nica es ir paso a paso para tratar de sumar solo de tres en tres y lograr el m\u00e1ximo de puntos posible.<\/p>\n<p>\u201cLa manera correcta es ser muy ambiciosos. No creo que mirando muy lejos me vaya a ayudar en el d\u00eda a d\u00eda a que los pasos sean m\u00e1s firmes\u201d, apunt\u00f3.<\/p>\n<p>Resalt\u00f3 que sus jugadores lo han felicitado y le han hecho saber su agradecimiento a su trabajo. &#8220;Gracias a ellos he sido capaz de tener la oportunidad de seguir entrenado al M\u00e1laga\u201d, expuso.<\/p>\n","protected":false},"excerpt":{"rendered":"<p>El timonel Javo Gracia qued\u00f3 ligado al club hasta 2019<\/p>\n","protected":false},"author":20,"featured_media":380556,"comment_status":"closed","ping_status":"closed","sticky":false,"template":"","format":"standard","meta":[],"categories":[3839,3844,5951],"tags":[5991,306],"_links":{"self":[{"href":"http:\/\/desarrollo.grupomedios.com\/futbol\/wp-json\/wp\/v2\/posts\/380551"}],"collection":[{"href":"http:\/\/desarrollo.grupomedios.com\/futbol\/wp-json\/wp\/v2\/posts"}],"about":[{"href":"http:\/\/desarrollo.grupomedios.com\/futbol\/wp-json\/wp\/v2\/types\/post"}],"author":[{"embeddable":true,"href":"http:\/\/desarrollo.grupomedios.com\/futbol\/wp-json\/wp\/v2\/users\/20"}],"replies":[{"embeddable":true,"href":"http:\/\/desarrollo.grupomedios.com\/futbol\/wp-json\/wp\/v2\/comments?post=380551"}],"version-history":[{"count":0,"href":"http:\/\/desarrollo.grupomedios.com\/futbol\/wp-json\/wp\/v2\/posts\/380551\/revisions"}],"wp:featuredmedia":[{"embeddable":true,"href":"http:\/\/desarrollo.grupomedios.com\/futbol\/wp-json\/wp\/v2\/media\/380556"}],"wp:attachment":[{"href":"http:\/\/desarrollo.grupomedios.com\/futbol\/wp-json\/wp\/v2\/media?parent=380551"}],"wp:term":[{"taxonomy":"category","embeddable":true,"href":"http:\/\/desarrollo.grupomedios.com\/futbol\/wp-json\/wp\/v2\/categories?post=380551"},{"taxonomy":"post_tag","embeddable":true,"href":"http:\/\/desarrollo.grupomedios.com\/futbol\/wp-json\/wp\/v2\/tags?post=380551"}],"curies":[{"name":"wp","href":"https:\/\/api.w.org\/{rel}","templated":true}]}}