{"id":380563,"date":"2016-03-15T12:54:57","date_gmt":"2016-03-15T18:54:57","guid":{"rendered":"http:\/\/www.futboltotal.com.mx\/?p=380563"},"modified":"2016-03-15T13:37:26","modified_gmt":"2016-03-15T19:37:26","slug":"benzema-defiende-regreso-a-la-seleccion-francia","status":"publish","type":"post","link":"http:\/\/desarrollo.grupomedios.com\/futbol\/futbol-internacional\/benzema-defiende-regreso-a-la-seleccion-francia\/2016\/03","title":{"rendered":"Benzema defiende su regreso a la Selecci\u00f3n"},"content":{"rendered":"<p style=\"text-align: left;\">Un d\u00eda despu\u00e9s de que el ministro franc\u00e9s de Deportes, Patrick Kanner, afirmara que <strong>Karim Benzema<\/strong> no es digno de portar la camiseta de<em> Les Bleus, <\/em>el delantero franc\u00e9s respondi\u00f3 con un contundente mensaje publicado en redes sociales.<\/p>\n<p>&#8220;12 temporadas que soy un profesional: 451 partidos jugados, 0 expulsiones y 11 tarjetas amarillas!!! \u00a1\u00bfY algunos discuten que no soy ejemplar?&#8221;, public\u00f3 <strong>Benzema<\/strong>, apartado de la selecci\u00f3n desde el pasado mes de noviembre.<\/p>\n<p style=\"text-align: center;\"><span style=\"color: #3366ff;\"><strong><a style=\"color: #3366ff;\" href=\"http:\/\/www.futboltotal.com.mx\/futbol-internacional\/\">LEER M\u00c1S: Todas las noticias de futbol internacional<\/a><\/strong><\/span><\/p>\n<blockquote class=\"twitter-tweet\" data-lang=\"es\">\n<p dir=\"ltr\" lang=\"fr\">12 saisons que je suis professionnel : 541 matchs jou\u00e9s 0 carton rouge 11 cartons jaune !!! Et certains parle de mon exemplarit\u00e9 ???<\/p>\n<p>\u2014 Karim Benzema (@Benzema) <a href=\"https:\/\/twitter.com\/Benzema\/status\/709723921671712768\">15 de marzo de 2016<\/a><\/p><\/blockquote>\n<p>Este lunes, el dirigente dio declaraciones para una radiodifusora francesa y asegur\u00f3 que \u201c<strong>Benzema<\/strong> no reune condiciones deontol\u00f3gicas como ejemplaridad, la probidad y el valor humano para jugar con Francia&#8221;. Sin embargo, apunt\u00f3 que respetara la decisi\u00f3n del seleccionador, Didier Deschamps, en caso de que este decide llamarlo de nueva cuenta a la selecci\u00f3n.<\/p>\n<p>Para la pr\u00f3xima Fecha FIFA, en la que Francia enfrenta en amistosos a Holanda y Rusia, es poco probable que el delantero reciba un llamado, toda vez que se encuentra en el \u00faltimo tramo de su recuperaci\u00f3n luego de lesionarse el paado 29 de febrero ante Atl\u00e9tico de Madrid. En caso contrario, la decisi\u00f3n deber\u00e1 ser avalada y confirmada por el presidente de la Federaci\u00f3n Francesa de Futbol (FFF) Noel Le Graet.<\/p>\n","protected":false},"excerpt":{"rendered":"<p>El delantero consider\u00f3 ser un ejemplar y respondi\u00f3 a las cr\u00edticas recibidas en Francia<\/p>\n","protected":false},"author":20,"featured_media":380582,"comment_status":"closed","ping_status":"closed","sticky":false,"template":"","format":"standard","meta":[],"categories":[3839],"tags":[6042,2749],"_links":{"self":[{"href":"http:\/\/desarrollo.grupomedios.com\/futbol\/wp-json\/wp\/v2\/posts\/380563"}],"collection":[{"href":"http:\/\/desarrollo.grupomedios.com\/futbol\/wp-json\/wp\/v2\/posts"}],"about":[{"href":"http:\/\/desarrollo.grupomedios.com\/futbol\/wp-json\/wp\/v2\/types\/post"}],"author":[{"embeddable":true,"href":"http:\/\/desarrollo.grupomedios.com\/futbol\/wp-json\/wp\/v2\/users\/20"}],"replies":[{"embeddable":true,"href":"http:\/\/desarrollo.grupomedios.com\/futbol\/wp-json\/wp\/v2\/comments?post=380563"}],"version-history":[{"count":0,"href":"http:\/\/desarrollo.grupomedios.com\/futbol\/wp-json\/wp\/v2\/posts\/380563\/revisions"}],"wp:featuredmedia":[{"embeddable":true,"href":"http:\/\/desarrollo.grupomedios.com\/futbol\/wp-json\/wp\/v2\/media\/380582"}],"wp:attachment":[{"href":"http:\/\/desarrollo.grupomedios.com\/futbol\/wp-json\/wp\/v2\/media?parent=380563"}],"wp:term":[{"taxonomy":"category","embeddable":true,"href":"http:\/\/desarrollo.grupomedios.com\/futbol\/wp-json\/wp\/v2\/categories?post=380563"},{"taxonomy":"post_tag","embeddable":true,"href":"http:\/\/desarrollo.grupomedios.com\/futbol\/wp-json\/wp\/v2\/tags?post=380563"}],"curies":[{"name":"wp","href":"https:\/\/api.w.org\/{rel}","templated":true}]}}