{"id":380566,"date":"2016-03-15T12:59:39","date_gmt":"2016-03-15T18:59:39","guid":{"rendered":"http:\/\/www.futboltotal.com.mx\/?p=380566"},"modified":"2016-03-15T13:04:56","modified_gmt":"2016-03-15T19:04:56","slug":"guardiola-quiere-a-defensa-del-barcelona-manchester-city","status":"publish","type":"post","link":"http:\/\/desarrollo.grupomedios.com\/futbol\/futbol-internacional\/guardiola-quiere-a-defensa-del-barcelona-manchester-city\/2016\/03","title":{"rendered":"Guardiola quiere a defensa espa\u00f1ol para el City"},"content":{"rendered":"<p><strong>Pep Guardiola<\/strong> sigue planificando su proyecto en el <strong>Manchester City<\/strong>. Su \u00faltimo objetivo para su pr\u00f3xima etapa en el banquillo como <em>Citizen<\/em>\u00a0es <strong>Marc Bartra<\/strong>.<\/p>\n<p>De acuerdo a lo publicado por The Mirror, el central del <strong>Barcelona<\/strong> es una de las prioridades del t\u00e9cnico para reforzar el equipo de cara a la pr\u00f3xima temporada.<\/p>\n<p style=\"text-align: center;\"><strong><span style=\"color: #3366ff;\"><a style=\"color: #3366ff;\" href=\"http:\/\/www.futboltotal.com.mx\/2016\/03\/kun-aguero-dejara-el-city-y-volvera-a-argentina\/\">LEER M\u00c1S: Ag\u00fcero regresar\u00e1 al club de sus amores<\/a><\/span><\/strong><\/p>\n<p><strong>Guardiola<\/strong>\u00a0conoce bien a <strong>Bartra<\/strong>, tanto que fue \u00e9l quien le hizo debutar en el primer equipo del <strong>Barcelona<\/strong>. El defensor no consigue hacerse un hueco en el once titular de Luis Enrique y apenas rebasa los 1000 minutos de juego y no logra postularse como alternativa viable a la zaga de Luis Enrique que lidera Piqu\u00e9 y Mascherano como opciones\u00a0primarias y Vermaelen y Mathieu como los secundarios.<\/p>\n<p>Seg\u00fan diferentes medios, Barcelona estar\u00eda dispuesto a dar v\u00eda libre a la salida de <strong>Bartra<\/strong> por unos 12 millones de euros y se reservar\u00eda una opci\u00f3n de recompra por el jugador.<\/p>\n<p style=\"text-align: center;\"><strong><span style=\"color: #3366ff;\"><a style=\"color: #3366ff;\" href=\"http:\/\/www.futboltotal.com.mx\/2016\/02\/ter-stegen-podria-ir-al-manchester-city\/\">LEER M\u00c1S: Ter Stegen interesa al Manchester City<\/a><\/span><\/strong><\/p>\n<p>El central est\u00e1 llamado a ser una de las piezas preciadas en el mercado de fichajes, pues este inter\u00e9s del City en ficharle se suma al que ya mostraron anteriormente otros clubes como Tottenham y Manchester United.<\/p>\n<p>&nbsp;<\/p>\n","protected":false},"excerpt":{"rendered":"<p>Apenas supera los mil minutos de juego pero es prioridad para Pep <\/p>\n","protected":false},"author":20,"featured_media":380588,"comment_status":"closed","ping_status":"closed","sticky":false,"template":"","format":"standard","meta":[],"categories":[3839,3846,5951],"tags":[5984,5993,6893,1791],"_links":{"self":[{"href":"http:\/\/desarrollo.grupomedios.com\/futbol\/wp-json\/wp\/v2\/posts\/380566"}],"collection":[{"href":"http:\/\/desarrollo.grupomedios.com\/futbol\/wp-json\/wp\/v2\/posts"}],"about":[{"href":"http:\/\/desarrollo.grupomedios.com\/futbol\/wp-json\/wp\/v2\/types\/post"}],"author":[{"embeddable":true,"href":"http:\/\/desarrollo.grupomedios.com\/futbol\/wp-json\/wp\/v2\/users\/20"}],"replies":[{"embeddable":true,"href":"http:\/\/desarrollo.grupomedios.com\/futbol\/wp-json\/wp\/v2\/comments?post=380566"}],"version-history":[{"count":0,"href":"http:\/\/desarrollo.grupomedios.com\/futbol\/wp-json\/wp\/v2\/posts\/380566\/revisions"}],"wp:featuredmedia":[{"embeddable":true,"href":"http:\/\/desarrollo.grupomedios.com\/futbol\/wp-json\/wp\/v2\/media\/380588"}],"wp:attachment":[{"href":"http:\/\/desarrollo.grupomedios.com\/futbol\/wp-json\/wp\/v2\/media?parent=380566"}],"wp:term":[{"taxonomy":"category","embeddable":true,"href":"http:\/\/desarrollo.grupomedios.com\/futbol\/wp-json\/wp\/v2\/categories?post=380566"},{"taxonomy":"post_tag","embeddable":true,"href":"http:\/\/desarrollo.grupomedios.com\/futbol\/wp-json\/wp\/v2\/tags?post=380566"}],"curies":[{"name":"wp","href":"https:\/\/api.w.org\/{rel}","templated":true}]}}