{"id":380630,"date":"2016-03-15T14:40:29","date_gmt":"2016-03-15T20:40:29","guid":{"rendered":"http:\/\/www.futboltotal.com.mx\/?p=380630"},"modified":"2016-03-15T14:44:05","modified_gmt":"2016-03-15T20:44:05","slug":"nestor-la-torre-desmiente-a-angel-reyna","status":"publish","type":"post","link":"http:\/\/desarrollo.grupomedios.com\/futbol\/futbol-mexicano\/nestor-la-torre-desmiente-a-angel-reyna\/2016\/03","title":{"rendered":"Ofrec\u00ed gratis a Reyna y nadie lo quiso: N\u00e9stor de la Torre"},"content":{"rendered":"<p>El ex presidente deportivo de <strong><a href=\"http:\/\/www.futboltotal.com.mx\/equipos\/guadalajara\/\" target=\"_blank\">Chivas<\/a><\/strong>, <strong>N\u00e9stor de la Torre<\/strong>, respondi\u00f3 a las acusaciones que <strong>\u00c1ngel Reyna<\/strong> hizo de \u00e9l y de Jos\u00e9 Manuel (otrora estratega del <em>Reba\u00f1o<\/em>), en una entrevista televisiva, donde hab\u00eda se\u00f1alado, que nunca lo dejaron jugar; sin embargo el ex directivo, explic\u00f3 que el futbolista jam\u00e1s tuvo iniciativa, para integrarse al equipo.<\/p>\n<p>&#8220;La lesi\u00f3n del codo es un pretexto, no se integr\u00f3 totalmente, ese fue el problema, no funcion\u00f3, y es m\u00e1s importante lo grupal que lo individual&#8221;, declar\u00f3 <strong>Nestor de la Torre<\/strong> a la cadena <em>Fox Sports<\/em>.<\/p>\n<p>Esa poca integraci\u00f3n de <strong>\u00c1ngel Reyna<\/strong>, fue la que determin\u00f3 la decisi\u00f3n de los De la Torre, para separarlo del primer equipo de <strong>Chivas<\/strong> y enviarlo a la Tercera Divisi\u00f3n, a la que tampoco acudi\u00f3.<\/p>\n<p style=\"text-align: center;\"><span style=\"color: #3366ff;\"><strong><a style=\"color: #3366ff;\" href=\"http:\/\/www.futboltotal.com.mx\/2016\/03\/angel-reyna-catalogo-a-chepo-traicionero\/\" target=\"_blank\">LEER M\u00c1S: \u00c1ngel Reyna tunde a los de la Torre<\/a><\/strong><\/span><\/p>\n<p>Por ello, <strong>N\u00e9stor de la Torre<\/strong> inclusive lleg\u00f3 a ofrecerlo gratis a otros equipos, y el que s\u00ed quiso contratarlo fue Veracruz, pero con una oferta desfavorable para <strong>Chivas<\/strong>.<\/p>\n<p>&#8220;Los \u00faltimos dos drafts lo ofrec\u00ed gratis y nadie lo tom\u00f3.\u00a0Veracruz y Carlos Reinoso\u00a0quer\u00edan llev\u00e1rselo, pero siempre y cuando pag\u00e1ramos el 80 por ciento de su salario y no pod\u00edamos permitirlo por ser rival directo en el descenso&#8221;, concluy\u00f3 el ex directivo del <em>Reba\u00f1o Sagrado<\/em>.<\/p>\n<p><span style=\"color: #ff0000;\"><strong>VIDEO<\/strong>: Mejores goles de la\u00a0<strong>jornada\u00a010<\/strong>\u00a0del\u00a0<strong>Clausura del 2016<\/strong><\/span>:<\/p>\n<p>[video_player]https:\/\/player.vimeo.com\/external\/158939839.hd.mp4?s=641e10f1d5ef565c6bbab5a178e8e2b466efef08&amp;profile_id=113[\/video_player]<\/p>\n","protected":false},"excerpt":{"rendered":"<p>Ex directivo de Chivas, desmiente a \u00c1ngel Reyna<\/p>\n","protected":false},"author":20,"featured_media":380640,"comment_status":"closed","ping_status":"closed","sticky":false,"template":"","format":"standard","meta":[],"categories":[2198,3845,5950],"tags":[1659,70,1987],"_links":{"self":[{"href":"http:\/\/desarrollo.grupomedios.com\/futbol\/wp-json\/wp\/v2\/posts\/380630"}],"collection":[{"href":"http:\/\/desarrollo.grupomedios.com\/futbol\/wp-json\/wp\/v2\/posts"}],"about":[{"href":"http:\/\/desarrollo.grupomedios.com\/futbol\/wp-json\/wp\/v2\/types\/post"}],"author":[{"embeddable":true,"href":"http:\/\/desarrollo.grupomedios.com\/futbol\/wp-json\/wp\/v2\/users\/20"}],"replies":[{"embeddable":true,"href":"http:\/\/desarrollo.grupomedios.com\/futbol\/wp-json\/wp\/v2\/comments?post=380630"}],"version-history":[{"count":0,"href":"http:\/\/desarrollo.grupomedios.com\/futbol\/wp-json\/wp\/v2\/posts\/380630\/revisions"}],"wp:featuredmedia":[{"embeddable":true,"href":"http:\/\/desarrollo.grupomedios.com\/futbol\/wp-json\/wp\/v2\/media\/380640"}],"wp:attachment":[{"href":"http:\/\/desarrollo.grupomedios.com\/futbol\/wp-json\/wp\/v2\/media?parent=380630"}],"wp:term":[{"taxonomy":"category","embeddable":true,"href":"http:\/\/desarrollo.grupomedios.com\/futbol\/wp-json\/wp\/v2\/categories?post=380630"},{"taxonomy":"post_tag","embeddable":true,"href":"http:\/\/desarrollo.grupomedios.com\/futbol\/wp-json\/wp\/v2\/tags?post=380630"}],"curies":[{"name":"wp","href":"https:\/\/api.w.org\/{rel}","templated":true}]}}