{"id":380655,"date":"2016-03-16T19:42:57","date_gmt":"2016-03-17T01:42:57","guid":{"rendered":"http:\/\/www.futboltotal.com.mx\/?p=380655"},"modified":"2016-03-16T21:54:25","modified_gmt":"2016-03-17T03:54:25","slug":"en-vivo-cruz-azul-vs-fc-juarez-copa-mx","status":"publish","type":"post","link":"http:\/\/desarrollo.grupomedios.com\/futbol\/futbol-mexicano\/en-vivo-cruz-azul-vs-fc-juarez-copa-mx\/2016\/03","title":{"rendered":"AS\u00cd SE VIVI\u00d3 | Cruz Azul 3-0 FC Ju\u00e1rez | Copa MX"},"content":{"rendered":"<p><span style=\"color: #ff0000;\">90:00<\/span> | Acaba el partido, Cruz Azul est\u00e1 en Semifinales.<\/p>\n<p><span style=\"color: #ff0000;\">89:00<\/span> | \u00a1Goooooooool del Cruz Azul, el tercero! Guerr\u00f3n apareci\u00f3 para firmar la goleada.<\/p>\n<p><span style=\"color: #ff0000;\">83:00<\/span> | Micolta ten\u00eda el mano a mano con Chuy Corona, pero el portero se impuso.<\/p>\n<p><span style=\"color: #ff0000;\">82:00<\/span> | No se ve c\u00f3mo los Bravos logren empatar para obligar los penales.<\/p>\n<p><span style=\"color: #ff0000;\">76:00<\/span> | \u00a1Gooooooooooool del Cruz Azul. Z\u00fa\u00f1iga le peg\u00f3 con parte interna y ampli\u00f3 la ventaja.<\/p>\n<div class=\"fb-video\" data-allowfullscreen=\"1\" data-href=\"https:\/\/www.facebook.com\/CopaMXesTuya\/videos\/557131371128971\/\">\n<div class=\"fb-xfbml-parse-ignore\">\n<blockquote cite=\"https:\/\/www.facebook.com\/CopaMXesTuya\/videos\/557131371128971\/\"><p>G\u26bd\u26bd\u26bd\u26bd\u26bd\u26bd\u26bd\u26bd\u26bd\u26bd\u26bd\u26bd\u26bd\u26bdL de CRUZ AZUL FUTBOL CLUB A.C.. Haciendo su estreno como goleador en el primer equipo de La M\u00e1quina, V\u00edctor Z\u00fa\u00f1iga coloca el 2-0 sobre FC Juarez#4tosDeFinal Copa Corona MX #Clausura2016 \u26bd\u26bd #SienteTuLiga \u26bd\u26bd<\/p>\n<p>Posted by <a href=\"https:\/\/www.facebook.com\/CopaMXesTuya\/\">Copa Corona MX<\/a> on mi\u00e9rcoles, 16 de marzo de 2016<\/p><\/blockquote>\n<\/div>\n<\/div>\n<p><span style=\"color: #ff0000;\">74:00<\/span> | \u00daltimo cambio del Cruz Azul, se va Ben\u00edtez e ingresa Rafael Baca.<\/p>\n<p><span style=\"color: #ff0000;\">72:00<\/span> | \u00a1Uy! Z\u00fa\u00f1iga sale en camilla, pero nada grave.<\/p>\n<p><span style=\"color: #ff0000;\">66:00<\/span> | \u00a1Gooooool del Cruz Azul! Ahora s\u00ed, Guerr\u00f3n aguant\u00f3 en el \u00e1rea, le peg\u00f3 y la mand\u00f3 al fondo de la red.<\/p>\n<div class=\"fb-video\" data-allowfullscreen=\"1\" data-href=\"https:\/\/www.facebook.com\/CopaMXesTuya\/videos\/557126051129503\/\">\n<div class=\"fb-xfbml-parse-ignore\">\n<blockquote cite=\"https:\/\/www.facebook.com\/CopaMXesTuya\/videos\/557126051129503\/\"><p>G\u26bd\u26bd\u26bd\u26bd\u26bd\u26bd\u26bd\u26bd\u26bd\u26bd\u26bd\u26bd\u26bd\u26bdL de CRUZ AZUL FUTBOL CLUB A.C.. Joffre Guerr\u00f3n define dentro del \u00e1rea y pone el 1-0 en el marcador sobre FC Juarez#4tosDeFinal Copa Corona MX #Clausura2016 \u26bd\u26bd #SienteTuLiga \u26bd\u26bd<\/p>\n<p>Posted by <a href=\"https:\/\/www.facebook.com\/CopaMXesTuya\/\">Copa Corona MX<\/a> on mi\u00e9rcoles, 16 de marzo de 2016<\/p><\/blockquote>\n<\/div>\n<\/div>\n<p><span style=\"color: #ff0000;\">65:00<\/span> | Monta\u00f1o estir\u00f3 la pierna para impactar la pelota, pero ya se hab\u00eda marcado fuera de juego.<\/p>\n<p><span style=\"color: #ff0000;\">62:00<\/span> | Garc\u00eda Sancho se gan\u00f3 la amarilla por una falta en medio campo.<\/p>\n<p><span style=\"color: #ff0000;\">59:00<\/span> | \u00daltimo cambio de Ju\u00e1rez FC, sale Maz e ingresa F\u00e9lix Micolta.<\/p>\n<p><span style=\"color: #ff0000;\">58:00<\/span> | \u00bfSer\u00e1 que los Bravos quieren apostar por los penales? Cruz Azul deben apretar porque se est\u00e1n midiendo con el plantel B de Ju\u00e1rez FC.<\/p>\n<p><span style=\"color: #ff0000;\">55:00<\/span> | Cambio obligado de Ju\u00e1rez FC, sale por lesi\u00f3n Llanes y salta a la cancha Joel Burrola.<\/p>\n<p><span style=\"color: #ff0000;\">54:00<\/span> | Los Bravos presionan m\u00e1s con garra que con idea.<\/p>\n<p><span style=\"color: #ff0000;\">50:00<\/span> | Primer cambio de Ju\u00e1rez FC, se va Metlich y entra Walter Sand\u00f3val.<\/p>\n<p><span style=\"color: #ff0000;\">47:00<\/span> | Cero y van dos de Guerr\u00f3n, ahora el ecuatoriano la estrell\u00f3 en el travesa\u00f1o.<\/p>\n<p><span style=\"color: #ff0000;\">45:00<\/span> | Arranca el segundo tiempo. Cruz Azul hizo dos cambios, salieron V\u00e1zquez y F\u00e1bio e ingresan Aldo Leao y Manuel Z\u00fa\u00f1iga.<\/p>\n<p><span style=\"color: #ff0000;\">45:00<\/span> | Acaba el primer tiempo.<\/p>\n<p><span style=\"color: #ff0000;\">42:00<\/span> | Cruz Azul se adue\u00f1\u00f3 del partido, el problema es que m\u00e1s all\u00e1 de la de Guerr\u00f3n, no tienen imaginaci\u00f3n al pasar medio campo.<\/p>\n<p><span style=\"color: #ff0000;\">40:00<\/span> | \u00a1Uf! Guerr\u00f3n la fall\u00f3, estaba completamente solo y perdon\u00f3 tras un remate flojo.<\/p>\n<p><span style=\"color: #ff0000;\">39:00<\/span> | Oportunidad importante para Cruz Azul desde un tiro libre&#8230; que no pasa a nada, porque el centro de V\u00e1zquez se qued\u00f3 corto.<\/p>\n<p><span style=\"color: #ff0000;\">34:00<\/span> | Los aficionados que se dieron cita comienzan a desesperarse por la ausencia total de espect\u00e1culo.<\/p>\n<p><span style=\"color: #ff0000;\">30:00<\/span> | Pineda quer\u00eda robarle la pelota al Cata, pero al final el jugador celeste logr\u00f3 salir airoso.<\/p>\n<p><span style=\"color: #ff0000;\">27:00<\/span> | Los Cementeros tocan, pero les falta alguien que les d\u00e9 otra idea al juego, porque no tienen profundidad.<\/p>\n<p><span style=\"color: #ff0000;\">24:00<\/span> | Ahora ambas escuadras se impregnaron en una serie de imprecisiones a la hora de tocar.<\/p>\n<p><span style=\"color: #ff0000;\">22:00<\/span> | A los Bravos se les acab\u00f3 la imaginaci\u00f3n, ya no saben c\u00f3mo fabricar su ataque.<\/p>\n<p><span style=\"color: #ff0000;\">19:00<\/span> | Guerr\u00f3n estaba entre dos y sac\u00f3 un disparo que sorprendi\u00f3 al portero que se lanz\u00f3 para desviar la pelota.<\/p>\n<p><span style=\"color: #ff0000;\">17:00<\/span> | V\u00e1zquez mand\u00f3 un cetro que remat\u00f3 el Cata, pero el intento se fue por un lado.<\/p>\n<p><span style=\"color: #ff0000;\">10:00<\/span> | La M\u00e1quina no deja respirar a Ju\u00e1rez FC, peor tampoco pasa de tres cuartos de cancha.<\/p>\n<p><span style=\"color: #ff0000;\">07:00<\/span> | Cruz Azul toca por todo lo ancho de la cancha para bajarle el ritmo al rival.<\/p>\n<p><span style=\"color: #ff0000;\">05:00<\/span> | Ju\u00e1rez mantiene la presi\u00f3n en el \u00e1rea celeste, aunque de momento las acciones se quedan ah\u00ed.<\/p>\n<p><span style=\"color: #ff0000;\">03:00<\/span> | Los Bravos responden con un disparo de Pineda que termina en las manos de Chuy corona.<\/p>\n<p><span style=\"color: #ff0000;\">02:00<\/span> | Primer aviso de la M\u00e1quina, pero V\u00edctor V\u00e1zquez dej\u00f3 pasar el bal\u00f3n y se perdi\u00f3 la oportunidad.<\/p>\n<p><span style=\"color: #ff0000;\">00:00<\/span> | Comienza el partido.<\/p>\n<p>Alineaci\u00f3n Ju\u00e1rez FC:\u00a0Urbina, Tovar, Morales, Mart\u00ednez, Dom\u00ednguez, Llanes, Pineda, Metlich, Stringel, Maz y Hern\u00e1ndez.<\/p>\n<p>Alineaci\u00f3n Cruz Azul:\u00a0Corona, Dom\u00ednguez, Garc\u00eda, Rodr\u00edguez, Santos, V\u00e1zquez, Monta\u00f1o, Torrado, Ru\u00edz, Guerr\u00f3n y Ben\u00edtez.<\/p>\n<p>Este mi\u00e9rcoles 16 de marzo, <strong><a href=\"http:\/\/www.futboltotal.com.mx\/equipos\/cruz-azul\/\" target=\"_blank\">Cruz Azul<\/a><\/strong> recibe a <strong>FC Ju\u00e1rez<\/strong>, en el primer escal\u00f3n eliminatorio rumbo al t\u00edtulo de la <strong>Copa MX<\/strong> del Clausura 2016. El duelo se llevar\u00e1 a cabo en el estadio Azul, a partir de las 20:00 horas.<\/p>\n<p><strong>Cruz Azul<\/strong> ha tenido un buen certamen en la Liga MX, y otro nada reprochable en la <strong>Copa MX<\/strong>, donde de seis encuentros, s\u00f3lo perdi\u00f3 uno, empat\u00f3 otro y gan\u00f3 el resto, lo que lo convierte en un serio candidato al t\u00edtulo..<\/p>\n<p>La <em>M\u00e1quina<\/em> tambi\u00e9n fue el equipo que termin\u00f3 como el l\u00edder general de la <strong>Copa MX<\/strong> tras acumular 16 puntos, adem\u00e1s de ser una de las ofensivas m\u00e1s poderosas, al haber marcado 13 dianas, es decir, con un promedio de m\u00e1s de dos goles por juego; sin embargo, su defensiva no ha sido inquebrantable, pues recibi\u00f3 ocho tantos.<\/p>\n<p>Pero al frente, <strong>Cruz Azul<\/strong> tendr\u00e1 un equipo muy <em>Bravo<\/em> que quiere competir en ambos torneos y de paso, conseguir su ascenso a la Liga MX. <strong>FC<\/strong>\u00a0<strong>Ju\u00e1rez<\/strong>\u00a0compiti\u00f3 de forma digna en la fase de grupos de la Copa MX; sin embargo, su poder\u00edo es la mitad de efectivo que el de la <em>M\u00e1quina<\/em>, al anotar s\u00f3lo seis dianas, y recibir cuatro.<\/p>\n<p><strong>Cruz Azul vs. FC Ju\u00e1rez<\/strong>, \u00bfqui\u00e9n ganar\u00e1, <em>cracks<\/em>?<\/p>\n","protected":false},"excerpt":{"rendered":"<p>La M\u00e1quina consigui\u00f3 su pase a las Semifinales<\/p>\n","protected":false},"author":20,"featured_media":381332,"comment_status":"closed","ping_status":"closed","sticky":false,"template":"","format":"standard","meta":[],"categories":[4247,2198],"tags":[285,5962,5928,6558],"_links":{"self":[{"href":"http:\/\/desarrollo.grupomedios.com\/futbol\/wp-json\/wp\/v2\/posts\/380655"}],"collection":[{"href":"http:\/\/desarrollo.grupomedios.com\/futbol\/wp-json\/wp\/v2\/posts"}],"about":[{"href":"http:\/\/desarrollo.grupomedios.com\/futbol\/wp-json\/wp\/v2\/types\/post"}],"author":[{"embeddable":true,"href":"http:\/\/desarrollo.grupomedios.com\/futbol\/wp-json\/wp\/v2\/users\/20"}],"replies":[{"embeddable":true,"href":"http:\/\/desarrollo.grupomedios.com\/futbol\/wp-json\/wp\/v2\/comments?post=380655"}],"version-history":[{"count":0,"href":"http:\/\/desarrollo.grupomedios.com\/futbol\/wp-json\/wp\/v2\/posts\/380655\/revisions"}],"wp:featuredmedia":[{"embeddable":true,"href":"http:\/\/desarrollo.grupomedios.com\/futbol\/wp-json\/wp\/v2\/media\/381332"}],"wp:attachment":[{"href":"http:\/\/desarrollo.grupomedios.com\/futbol\/wp-json\/wp\/v2\/media?parent=380655"}],"wp:term":[{"taxonomy":"category","embeddable":true,"href":"http:\/\/desarrollo.grupomedios.com\/futbol\/wp-json\/wp\/v2\/categories?post=380655"},{"taxonomy":"post_tag","embeddable":true,"href":"http:\/\/desarrollo.grupomedios.com\/futbol\/wp-json\/wp\/v2\/tags?post=380655"}],"curies":[{"name":"wp","href":"https:\/\/api.w.org\/{rel}","templated":true}]}}