{"id":380791,"date":"2016-03-15T19:10:28","date_gmt":"2016-03-16T01:10:28","guid":{"rendered":"http:\/\/www.futboltotal.com.mx\/?p=380791"},"modified":"2016-03-15T19:18:37","modified_gmt":"2016-03-16T01:18:37","slug":"drama-angel-reyna-vs-nestor-la-torre","status":"publish","type":"post","link":"http:\/\/desarrollo.grupomedios.com\/futbol\/videos\/drama-angel-reyna-vs-nestor-la-torre\/2016\/03","title":{"rendered":"El drama Reyna &#8211; De la Torre"},"content":{"rendered":"<p>El ex futbolista de <strong><a href=\"http:\/\/www.futboltotal.com.mx\/equipos\/guadalajara\/\" target=\"_blank\">Chivas<\/a><\/strong>, <strong>\u00c1ngel Reyna<\/strong>, volvi\u00f3 a responder a N\u00e9stor de la Torre, al llamarlo mentiroso, por suponer que <em>Pleititos<\/em> fing\u00eda sus lesiones. La pelea parece que jam\u00e1s cesar\u00e1, por eso tenemos la dramatizaci\u00f3n del evento.<\/p>\n<blockquote class=\"twitter-tweet\" data-lang=\"es\">\n<p dir=\"ltr\" lang=\"es\">N\u00e9stor el mentiroso!!Esta es una resonancia de mis piernas no la del codo.Ojo!Con los cobardes y mentirosos#lesdolio <a href=\"https:\/\/t.co\/kvRXBqEsAE\">pic.twitter.com\/kvRXBqEsAE<\/a><\/p>\n<p>\u2014 Angel Reyna (@AngelReynaFut) <a href=\"https:\/\/twitter.com\/AngelReynaFut\/status\/709771940236427264\">15 de marzo de 2016<\/a><\/p><\/blockquote>\n<p><script src=\"\/\/platform.twitter.com\/widgets.js\" async=\"\" charset=\"utf-8\"><\/script><\/p>\n<p style=\"text-align: center;\"><span style=\"color: #3366ff;\"><strong><a style=\"color: #3366ff;\" href=\"http:\/\/www.futboltotal.com.mx\/2016\/03\/nestor-la-torre-desmiente-a-angel-reyna\/\">LEER M\u00c1S: N\u00e9stor de la Torre responde a \u00c1ngel Reyna<\/a><\/strong><\/span><\/p>\n<p><span style=\"color: #ff0000;\">VIDEO: El drama Reyna-De la Torre<\/span><\/p>\n<p>[video_player]https:\/\/player.vimeo.com\/external\/159148621.sd.mp4?s=97307288e2053704a2c25a1bcb66718a90a421cb&amp;profile_id=165[\/video_player]<\/p>\n","protected":false},"excerpt":{"rendered":"<p>Los comentarios entre el futbolista y el directivo contin\u00faan<\/p>\n","protected":false},"author":20,"featured_media":380797,"comment_status":"closed","ping_status":"closed","sticky":false,"template":"","format":"standard","meta":[],"categories":[2198,3845,4,6433],"tags":[1659,5460,70],"_links":{"self":[{"href":"http:\/\/desarrollo.grupomedios.com\/futbol\/wp-json\/wp\/v2\/posts\/380791"}],"collection":[{"href":"http:\/\/desarrollo.grupomedios.com\/futbol\/wp-json\/wp\/v2\/posts"}],"about":[{"href":"http:\/\/desarrollo.grupomedios.com\/futbol\/wp-json\/wp\/v2\/types\/post"}],"author":[{"embeddable":true,"href":"http:\/\/desarrollo.grupomedios.com\/futbol\/wp-json\/wp\/v2\/users\/20"}],"replies":[{"embeddable":true,"href":"http:\/\/desarrollo.grupomedios.com\/futbol\/wp-json\/wp\/v2\/comments?post=380791"}],"version-history":[{"count":0,"href":"http:\/\/desarrollo.grupomedios.com\/futbol\/wp-json\/wp\/v2\/posts\/380791\/revisions"}],"wp:featuredmedia":[{"embeddable":true,"href":"http:\/\/desarrollo.grupomedios.com\/futbol\/wp-json\/wp\/v2\/media\/380797"}],"wp:attachment":[{"href":"http:\/\/desarrollo.grupomedios.com\/futbol\/wp-json\/wp\/v2\/media?parent=380791"}],"wp:term":[{"taxonomy":"category","embeddable":true,"href":"http:\/\/desarrollo.grupomedios.com\/futbol\/wp-json\/wp\/v2\/categories?post=380791"},{"taxonomy":"post_tag","embeddable":true,"href":"http:\/\/desarrollo.grupomedios.com\/futbol\/wp-json\/wp\/v2\/tags?post=380791"}],"curies":[{"name":"wp","href":"https:\/\/api.w.org\/{rel}","templated":true}]}}