{"id":380920,"date":"2016-03-16T08:14:58","date_gmt":"2016-03-16T14:14:58","guid":{"rendered":"http:\/\/www.futboltotal.com.mx\/?p=380920"},"modified":"2016-03-16T08:15:45","modified_gmt":"2016-03-16T14:15:45","slug":"zlatan-ibrahimovic-falcao-fernando-torres-opciones-america","status":"publish","type":"post","link":"http:\/\/desarrollo.grupomedios.com\/futbol\/destacado-home\/zlatan-ibrahimovic-falcao-fernando-torres-opciones-america\/2016\/03","title":{"rendered":"Zlatan, Falcao y Torres: opciones para el Am\u00e9rica"},"content":{"rendered":"<p><span style=\"color: #0000ff;\"><a style=\"color: #0000ff;\" href=\"http:\/\/www.futboltotal.com.mx\/?s=am%C3%A9rica+\"><strong>Am\u00e9rica<\/strong><\/a><\/span> busca aumentar su cosecha de t\u00edtulos en el a\u00f1o de su Centenario para continuar con su autoproclamaci\u00f3n como el m\u00e1s grande. Consciente est\u00e1 de que para llegar a cumplir ese objetivo debe contar con los mejores futbolistas y por ello, en su agenda est\u00e1n tres futbolistas con un historial magn\u00edfico: <strong>Zlatan Ibrahimovic<\/strong>, <strong>Radamel Falcao<\/strong> y <strong>Fernando Torres<\/strong>.<\/p>\n<p style=\"text-align: center;\"><span style=\"color: #3366ff;\"><strong><a style=\"color: #3366ff;\" href=\"http:\/\/www.futboltotal.com.mx\/2016\/03\/monterrey-quiere-firmar-a-fernando-torres\/\">LEER M\u00c1S: Monterrey quiere firmar a Fernando Torres<\/a><\/strong><\/span><\/p>\n<p>La posibilidad para llegar a un acuerdo radica en que los tres delanteros finalizan su contrato en verano, lo cual hace m\u00e1s viable llegar al objetivo deseado para <strong>Am\u00e9rica<\/strong>. El anuncio fue hecho por Jos\u00e9 Ram\u00f3n Fern\u00e1ndez en su programa <em>Futbol Picante.<\/em><\/p>\n<p>Zlatan\u00a0luce como el m\u00e1s complicado para cerrar. El sueco se mantiene en un excelente estado de forma, as\u00ed lo confirm\u00f3 el pasado domingo, cuando anoto cuatro goles en la goleada del PSG sobre el Troyes que, de paso, les otorg\u00f3 el cuarto t\u00edtulo en fila de la Ligue 1. Adem\u00e1s, <em>Ibra<\/em> ya manifest\u00f3 su deseo por enrolarse en las filas de la Premier League, situaci\u00f3n que trae entre manos su agente Mino Raiola.<\/p>\n<p style=\"text-align: center;\"><strong><span style=\"color: #3366ff;\"><a style=\"color: #3366ff;\" href=\"http:\/\/www.futboltotal.com.mx\/2016\/03\/5-cracks-gratis-la-liga-mx\/\">LEER M\u00c1S: 5 cracks gratis para la Liga MX<\/a><\/span><\/strong><\/p>\n<p>Con\u00a0Fernando Ni\u00f1o Torres y Radamel Falcao es m\u00e1s factible de lograr un acuerdo. El espa\u00f1ol no atraviesa su mejor estado de forma y los goles en sus presentaciones ya no son tan usuales, pese a ello, fue pieza importante en la clasificaci\u00f3n del Atl\u00e9tico a los cuartos de final de Champions League. Mientras tanto, el colombiano sigue sin contar por minutos pues no ha alcanzado su mejor estado de forma y sigue con lesiones recurrentes.<\/p>\n<p>&nbsp;<\/p>\n","protected":false},"excerpt":{"rendered":"<p>El club de Coapa busca un fichaje bomba en su a\u00f1o de Centenario <\/p>\n","protected":false},"author":20,"featured_media":380923,"comment_status":"closed","ping_status":"closed","sticky":false,"template":"","format":"standard","meta":[],"categories":[5,2198,3845],"tags":[5959,6017,652,6059],"_links":{"self":[{"href":"http:\/\/desarrollo.grupomedios.com\/futbol\/wp-json\/wp\/v2\/posts\/380920"}],"collection":[{"href":"http:\/\/desarrollo.grupomedios.com\/futbol\/wp-json\/wp\/v2\/posts"}],"about":[{"href":"http:\/\/desarrollo.grupomedios.com\/futbol\/wp-json\/wp\/v2\/types\/post"}],"author":[{"embeddable":true,"href":"http:\/\/desarrollo.grupomedios.com\/futbol\/wp-json\/wp\/v2\/users\/20"}],"replies":[{"embeddable":true,"href":"http:\/\/desarrollo.grupomedios.com\/futbol\/wp-json\/wp\/v2\/comments?post=380920"}],"version-history":[{"count":0,"href":"http:\/\/desarrollo.grupomedios.com\/futbol\/wp-json\/wp\/v2\/posts\/380920\/revisions"}],"wp:featuredmedia":[{"embeddable":true,"href":"http:\/\/desarrollo.grupomedios.com\/futbol\/wp-json\/wp\/v2\/media\/380923"}],"wp:attachment":[{"href":"http:\/\/desarrollo.grupomedios.com\/futbol\/wp-json\/wp\/v2\/media?parent=380920"}],"wp:term":[{"taxonomy":"category","embeddable":true,"href":"http:\/\/desarrollo.grupomedios.com\/futbol\/wp-json\/wp\/v2\/categories?post=380920"},{"taxonomy":"post_tag","embeddable":true,"href":"http:\/\/desarrollo.grupomedios.com\/futbol\/wp-json\/wp\/v2\/tags?post=380920"}],"curies":[{"name":"wp","href":"https:\/\/api.w.org\/{rel}","templated":true}]}}