{"id":380922,"date":"2016-03-16T09:09:29","date_gmt":"2016-03-16T15:09:29","guid":{"rendered":"http:\/\/www.futboltotal.com.mx\/?p=380922"},"modified":"2016-03-16T15:12:31","modified_gmt":"2016-03-16T21:12:31","slug":"america-dejo-ir-a-jackson-martinez","status":"publish","type":"post","link":"http:\/\/desarrollo.grupomedios.com\/futbol\/futbol-mexicano\/america-dejo-ir-a-jackson-martinez\/2016\/03","title":{"rendered":"Am\u00e9rica dej\u00f3 ir a Jackson Mart\u00ednez"},"content":{"rendered":"<p>El delantero colombiano<strong> Jackson Mart\u00ednez<\/strong>\u00a0estuvo bien\u00a0cerquita\u00a0de\u00a0ser el delantero estrella del <strong>Am\u00e9rica<\/strong>. Sin embargo, las<em> \u00c1guilas<\/em> descartaron su contrataci\u00f3n despu\u00e9s de que el <em>cafetero<\/em>\u00a0fall\u00f3 un penal con su selecci\u00f3n ante M\u00e9xico en 2009.<\/p>\n<p>&#8220;A <strong>Jackson Mart\u00ednez<\/strong> lo hab\u00eda comprado el <strong>Am\u00e9rica<\/strong>. Jaime Ordiales hab\u00eda hecho la negociaci\u00f3n. Pero despu\u00e9s del amistoso que jugaron M\u00e9xico y Colombia en Estados Unidos, donde el colombiano fall\u00f3 un penal, recibo una llamada de John de Luisa y me dijo: &#8216;no hay negociaci\u00f3n&#8217;, aludiendo que no hab\u00eda\u00a0presupuesto&#8221;, explic\u00f3 el\u00a0promotor mexicano<strong>\u00a0<\/strong>Guillermo Lara.<\/p>\n<p style=\"text-align: center;\"><span style=\"color: #3366ff;\"><strong><a style=\"color: #3366ff;\" href=\"http:\/\/www.futboltotal.com.mx\/2016\/03\/enganaron-a-memo-ochoa-llegar-al-malaga\/\">LEER M\u00c1S: Enga\u00f1aron a Memo Ochoa para llegar al M\u00e1laga<\/a><\/strong><\/span><\/p>\n<p>Ante la negativa de la\u00a0directiva del\u00a0<strong>Am\u00e9rica<\/strong>, Lara afirm\u00f3 se moviliz\u00f3 para\u00a0colocar al delantero colombiano en otro club para no perder la negociaci\u00f3n que ya estaba pactada, misma que acord\u00f3 con el Independiente de Medell\u00edn por un mill\u00f3n de d\u00f3lares.<\/p>\n<p>&#8220;Yo ya ten\u00eda cerrado el fichaje. En ese momento habl\u00e9 con el presidente de <em>Jaguares<\/em>, pero no ten\u00eda dinero. Lo \u00fanico que me dijo fue: &#8216;te pago 30 mil d\u00f3lares y lo pongo a jugar. En el contrato ponle la opci\u00f3n de compra que quieras'&#8221;, revel\u00f3\u00a0Lara.<\/p>\n<p>&#8220;Fue as\u00ed como <strong>en un d\u00eda pas\u00f3 de costar un mill\u00f3n a los 10 millones<\/strong> que pag\u00f3 el Porto en 2012&#8243;, confes\u00f3 el promotor\u00a0en entrevista para <em>Fox Sports<\/em>.<\/p>\n<p style=\"text-align: center;\"><strong><span style=\"color: #3366ff;\"><a style=\"color: #3366ff;\" href=\"http:\/\/www.futboltotal.com.mx\/2016\/03\/mls-superliga-china-alternativas-angel-reyna\/\">LEER M\u00c1S: MLS y China, alternativas para Reyna<\/a><\/span><\/strong><\/p>\n<p>En otro orden de ideas,<strong>\u00a0Guillermo Lara<\/strong>\u00a0desminti\u00f3 que el traspaso de <strong>Jackson Mart\u00ednez<\/strong> al Porto,\u00a0en el verano del 2012,\u00a0tuviese como intermediario al Grupo C\u00f3nclave, cuyo representante fue un ex operador financiero del C\u00e1rtel de Ju\u00e1rez &#8211;<a href=\"http:\/\/www.futboltotal.com.mx\/2016\/03\/vinculan-traspasos-del-porto-con-el-narcotrafico\/\">seg\u00fan apunta el informe publicado este martes por\u00a0<em>Aristegui Noticias-<\/em><\/a>.<\/p>\n<p>En este tenor, el empresario mexicano\u00a0reiter\u00f3 que nunca ha\u00a0tenido\u00a0relaci\u00f3n con esa empresa, al tiempo que\u00a0lament\u00f3 que la investigaci\u00f3n publicada\u00a0haya salpicado la contrataci\u00f3n del defensa mexicano Diego Reyes a finales del 2012.<\/p>\n<p>&#8220;Diego Reyes es un jugador impecable e intachable y salieron estas cosas que se mal interpretan&#8221;, apostill\u00f3.<\/p>\n","protected":false},"excerpt":{"rendered":"<p>\u00bfUn penal fallado ante M\u00e9xico disgust\u00f3 a la directiva de las \u00c1guilas?<\/p>\n","protected":false},"author":20,"featured_media":380942,"comment_status":"closed","ping_status":"closed","sticky":false,"template":"","format":"standard","meta":[],"categories":[2198,3845,5950],"tags":[5959,6039],"_links":{"self":[{"href":"http:\/\/desarrollo.grupomedios.com\/futbol\/wp-json\/wp\/v2\/posts\/380922"}],"collection":[{"href":"http:\/\/desarrollo.grupomedios.com\/futbol\/wp-json\/wp\/v2\/posts"}],"about":[{"href":"http:\/\/desarrollo.grupomedios.com\/futbol\/wp-json\/wp\/v2\/types\/post"}],"author":[{"embeddable":true,"href":"http:\/\/desarrollo.grupomedios.com\/futbol\/wp-json\/wp\/v2\/users\/20"}],"replies":[{"embeddable":true,"href":"http:\/\/desarrollo.grupomedios.com\/futbol\/wp-json\/wp\/v2\/comments?post=380922"}],"version-history":[{"count":0,"href":"http:\/\/desarrollo.grupomedios.com\/futbol\/wp-json\/wp\/v2\/posts\/380922\/revisions"}],"wp:featuredmedia":[{"embeddable":true,"href":"http:\/\/desarrollo.grupomedios.com\/futbol\/wp-json\/wp\/v2\/media\/380942"}],"wp:attachment":[{"href":"http:\/\/desarrollo.grupomedios.com\/futbol\/wp-json\/wp\/v2\/media?parent=380922"}],"wp:term":[{"taxonomy":"category","embeddable":true,"href":"http:\/\/desarrollo.grupomedios.com\/futbol\/wp-json\/wp\/v2\/categories?post=380922"},{"taxonomy":"post_tag","embeddable":true,"href":"http:\/\/desarrollo.grupomedios.com\/futbol\/wp-json\/wp\/v2\/tags?post=380922"}],"curies":[{"name":"wp","href":"https:\/\/api.w.org\/{rel}","templated":true}]}}