{"id":380970,"date":"2016-03-16T13:09:04","date_gmt":"2016-03-16T19:09:04","guid":{"rendered":"http:\/\/www.futboltotal.com.mx\/?p=380970"},"modified":"2016-03-16T15:05:21","modified_gmt":"2016-03-16T21:05:21","slug":"cuando-futbol-sirve-terapia","status":"publish","type":"post","link":"http:\/\/desarrollo.grupomedios.com\/futbol\/destacado-home\/cuando-futbol-sirve-terapia\/2016\/03","title":{"rendered":"Cuando el futbol sirve de terapia"},"content":{"rendered":"<p>El <strong>futbol<\/strong> puede ser un <em>modus vivendi<\/em> para unos. Para otros, una opci\u00f3n de entretenimiento. Pero tambi\u00e9n hay casos en los que <strong>el balompi\u00e9 ha servido como terapia<\/strong> para ayudar a pacientes con Alzheimer, para la reinserci\u00f3n social de presos y hasta para sanar heridas emocionales.<\/p>\n<p>El ejemplo del primer caso se ha presentado en la Diputaci\u00f3n Foral de Vizcaya, en el Pa\u00eds Vasco, comunidad aut\u00f3noma de Espa\u00f1a, que ha dispuesto una serie de talleres para gente mayor, en los que exfutbolistas del Athletic Club se acercan a las personas con problemas cognitivos para evocar en ellos recuerdos sobre el <strong>futbol<\/strong> y el equipo <em>rojiblanco<\/em>, esto con el fin de combatir el Alzheimer y otros tipos de demencia.<\/p>\n<p>En las sesiones -encabezadas por los ex futbolistas del club \u00c1ngel Sertucha, Fidel Uriarte, Juan Mar\u00eda Zorriketa y Andoni Ayarza- se desarrolla la capacidad sensorial y auditiva de los participantes a trav\u00e9s de objetos, m\u00fasica, v\u00eddeos y fotograf\u00edas en torno al Athletic Club.<\/p>\n<p><a href=\"http:\/\/www.futboltotal.com.mx\/2016\/03\/cuando-futbol-sirvie-terapia\/cuando-el-futbol-sirvie-de-terapia-1\/\" rel=\"attachment wp-att-381041\"><img decoding=\"async\" loading=\"lazy\" class=\"aligncenter size-full wp-image-381041\" src=\"http:\/\/www.futboltotal.com.mx\/wp-content\/uploads\/2016\/03\/Cuando-el-futbol-sirvie-de-terapia-1.jpg\" alt=\"Cuando-el-futbol-sirvie-de-terapia-1\" srcset=\"http:\/\/desarrollo.grupomedios.com\/futbol\/wp-content\/uploads\/2016\/03\/Cuando-el-futbol-sirvie-de-terapia-1.jpg 820w, http:\/\/desarrollo.grupomedios.com\/futbol\/wp-content\/uploads\/2016\/03\/Cuando-el-futbol-sirvie-de-terapia-1-300x128.jpg 300w, http:\/\/desarrollo.grupomedios.com\/futbol\/wp-content\/uploads\/2016\/03\/Cuando-el-futbol-sirvie-de-terapia-1-768x328.jpg 768w\" sizes=\"(max-width: 820px) 100vw, 820px\" \/><\/a><\/p>\n<p style=\"text-align: center;\"><span style=\"color: #3366ff;\"><strong><a style=\"color: #3366ff;\" href=\"http:\/\/www.futboltotal.com.mx\/2016\/03\/mister-keating-del-leicester-city\/\">LEER M\u00c1S: El M\u00edster Keating del Leicester City<\/a><\/strong><\/span><\/p>\n<p>Un ejemplo del segundo caso (reinserci\u00f3n social) se present\u00f3 en Costa Rica, en donde se efectu\u00f3 un torneo entre 16 equipos en el que participaron alrededor de 320 reos de las penitenciar\u00edas de ese pa\u00eds, y que fue ganado por el Deportivo Borussia al vencer en penales al Deportivo Crispy, tras un 0-0 en tiempo regular.<\/p>\n<p>\u201cEs una terapia que tenemos con estas actividades. Me gusta el <strong>futbol<\/strong>. Agradezco a Dios y a las autoridades la oportunidad que nos dan, luego de haber cometido un error que me tiene preso\u201d, declar\u00f3 Yadir Briones, integrante del equipo campe\u00f3n, quien paga una condena de 16 a\u00f1os por homicidio.<\/p>\n<p><a href=\"http:\/\/www.futboltotal.com.mx\/2016\/03\/cuando-futbol-sirvie-terapia\/cuando-el-futbol-sirvie-de-terapia-2\/\" rel=\"attachment wp-att-381043\"><img decoding=\"async\" loading=\"lazy\" class=\"aligncenter size-full wp-image-381043\" src=\"http:\/\/www.futboltotal.com.mx\/wp-content\/uploads\/2016\/03\/cuando-el-futbol-sirvie-de-terapia-2.jpg\" alt=\"cuando-el-futbol-sirvie-de-terapia-2\" srcset=\"http:\/\/desarrollo.grupomedios.com\/futbol\/wp-content\/uploads\/2016\/03\/cuando-el-futbol-sirvie-de-terapia-2.jpg 820w, http:\/\/desarrollo.grupomedios.com\/futbol\/wp-content\/uploads\/2016\/03\/cuando-el-futbol-sirvie-de-terapia-2-300x128.jpg 300w, http:\/\/desarrollo.grupomedios.com\/futbol\/wp-content\/uploads\/2016\/03\/cuando-el-futbol-sirvie-de-terapia-2-768x328.jpg 768w\" sizes=\"(max-width: 820px) 100vw, 820px\" \/><\/a><\/p>\n<p>En el tercer caso (cura de heridas emocionales), est\u00e1 el ejemplo de la delantera mexicana <strong>Kristen Avila<\/strong>, estrella del equipo californiano <em>Wildcats<\/em> de Brea Olinda High School y posible integrante de la Selecci\u00f3n Mexicana femenil para el Mundial Sub-20 de Pap\u00faa Nueva Guinea, a disputarse a finales de 2016 .<\/p>\n<p style=\"text-align: center;\"><span style=\"color: #3366ff;\"><strong><a style=\"color: #3366ff;\" href=\"http:\/\/www.futboltotal.com.mx\/2016\/03\/la-volpe-otros-tecnicos-supersticiosos\/\">LEER M\u00c1S: La Volpe y otros t\u00e9cnicos supersticiosos<\/a><\/strong><\/span><\/p>\n<p>Ella reconoce que el <strong>futbol<\/strong> le ha ayudado a superar momentos dif\u00edciles de su vida: \u201cCuando ten\u00eda 11 a\u00f1os se muri\u00f3 mi mama, luego de padecer lupus y c\u00e1ncer. Yo no quer\u00eda hacer nada, ni ir a la escuela, pero luego empec\u00e9 a jugar <strong>futbol<\/strong> y eso me ayud\u00f3 a superar ese trago amargo\u201d, cuenta.<\/p>\n<p><a href=\"http:\/\/www.futboltotal.com.mx\/2016\/03\/cuando-futbol-sirvie-terapia\/cuando-el-futbol-sirvie-de-terapia-3\/\" rel=\"attachment wp-att-381044\"><img decoding=\"async\" loading=\"lazy\" class=\"aligncenter size-full wp-image-381044\" src=\"http:\/\/www.futboltotal.com.mx\/wp-content\/uploads\/2016\/03\/cuando-el-futbol-sirvie-de-terapia-3.jpg\" alt=\"cuando-el-futbol-sirvie-de-terapia-3\" srcset=\"http:\/\/desarrollo.grupomedios.com\/futbol\/wp-content\/uploads\/2016\/03\/cuando-el-futbol-sirvie-de-terapia-3.jpg 820w, http:\/\/desarrollo.grupomedios.com\/futbol\/wp-content\/uploads\/2016\/03\/cuando-el-futbol-sirvie-de-terapia-3-300x128.jpg 300w, http:\/\/desarrollo.grupomedios.com\/futbol\/wp-content\/uploads\/2016\/03\/cuando-el-futbol-sirvie-de-terapia-3-768x328.jpg 768w\" sizes=\"(max-width: 820px) 100vw, 820px\" \/><\/a><\/p>\n","protected":false},"excerpt":{"rendered":"<p>Singulares bondades que regala la redonda fuera de la cancha<\/p>\n","protected":false},"author":127,"featured_media":381038,"comment_status":"closed","ping_status":"closed","sticky":false,"template":"","format":"standard","meta":[],"categories":[5,3839,2198,3844,3847],"tags":[4545],"_links":{"self":[{"href":"http:\/\/desarrollo.grupomedios.com\/futbol\/wp-json\/wp\/v2\/posts\/380970"}],"collection":[{"href":"http:\/\/desarrollo.grupomedios.com\/futbol\/wp-json\/wp\/v2\/posts"}],"about":[{"href":"http:\/\/desarrollo.grupomedios.com\/futbol\/wp-json\/wp\/v2\/types\/post"}],"author":[{"embeddable":true,"href":"http:\/\/desarrollo.grupomedios.com\/futbol\/wp-json\/wp\/v2\/users\/127"}],"replies":[{"embeddable":true,"href":"http:\/\/desarrollo.grupomedios.com\/futbol\/wp-json\/wp\/v2\/comments?post=380970"}],"version-history":[{"count":0,"href":"http:\/\/desarrollo.grupomedios.com\/futbol\/wp-json\/wp\/v2\/posts\/380970\/revisions"}],"wp:featuredmedia":[{"embeddable":true,"href":"http:\/\/desarrollo.grupomedios.com\/futbol\/wp-json\/wp\/v2\/media\/381038"}],"wp:attachment":[{"href":"http:\/\/desarrollo.grupomedios.com\/futbol\/wp-json\/wp\/v2\/media?parent=380970"}],"wp:term":[{"taxonomy":"category","embeddable":true,"href":"http:\/\/desarrollo.grupomedios.com\/futbol\/wp-json\/wp\/v2\/categories?post=380970"},{"taxonomy":"post_tag","embeddable":true,"href":"http:\/\/desarrollo.grupomedios.com\/futbol\/wp-json\/wp\/v2\/tags?post=380970"}],"curies":[{"name":"wp","href":"https:\/\/api.w.org\/{rel}","templated":true}]}}