{"id":380995,"date":"2016-03-16T11:46:01","date_gmt":"2016-03-16T17:46:01","guid":{"rendered":"http:\/\/www.futboltotal.com.mx\/?p=380995"},"modified":"2016-03-16T12:19:24","modified_gmt":"2016-03-16T18:19:24","slug":"adidas-pogba-firman-acuerdo","status":"publish","type":"post","link":"http:\/\/desarrollo.grupomedios.com\/futbol\/galerias\/adidas-pogba-firman-acuerdo\/2016\/03","title":{"rendered":"Adidas ficha a Paul Pogba"},"content":{"rendered":"<p><strong>adidas<\/strong> y <strong>Paul Pogba<\/strong>, uno de los <strong><span style=\"color: #3366ff;\"><a style=\"color: #3366ff;\" href=\"http:\/\/www.futboltotal.com.mx\/2016\/03\/5-opciones-futbolista-caro-del-mundo\/\">cracks con mayor proyecci\u00f3n a futuro<\/a><\/span><\/strong>\u00a0, son un equipo. Y es que a partir del 16 de marzo el franc\u00e9s y la multinacional deportiva concretaron una alianza a largo plazo.<\/p>\n<p>Desde sus ra\u00edces en el distrito 77 de Par\u00eds hasta los mayores escenarios del futbol mundial, Pogba ha hecho mucho ruido con cada golpe, celebraci\u00f3n y estilo de cabello. As\u00ed se ha erigido como uno de los atletas m\u00e1s creativos en el deporte mundial, dentro y fuera de la cancha.<\/p>\n<p style=\"text-align: center;\"><span style=\"color: #3366ff;\"><strong><a style=\"color: #3366ff;\" href=\"http:\/\/www.futboltotal.com.mx\/2016\/03\/paul-pogba-minion-en-la-cabeza\/\">LEER M\u00c1S: Paul Pogba, con un Minion en la cabeza<\/a><\/strong><\/span><\/p>\n<p>\u201cEste es el primer contrato de patrocinio que firmo, y es una decisi\u00f3n muy importante para m\u00ed. Escojo adidas porque tenemos pasiones y valores compartidos. adidas tiene la misma vibra que yo, dentro y fuera de la cancha\u201d.<\/p>\n<p>Como parte de la alianza, Paul usar\u00e1 unos tacos fant\u00e1sticos, exclusivos para que siga manifestando su habilidad sin importar la dificultad del rival o entorno. Los\u00a0ACE 16+ PURECONTROL son la muestra perfecta de\u00a0la imaginaci\u00f3n y creatividad de adidas como prueba de que es la marca correcta para \u00e9l.<\/p>\n<div id=\"galleryLyE\" style=\"display:none;\"><img alt=\"\" src=\"http:\/\/desarrollo.grupomedios.com\/futbol\/wp-content\/uploads\/2016\/03\/Adidas-Pogba-2.jpg\" data-image=\"http:\/\/desarrollo.grupomedios.com\/futbol\/wp-content\/uploads\/2016\/03\/Adidas-Pogba-2.jpg\" data-description=\"Adidas Pogba 2\"><img alt=\"\" src=\"http:\/\/desarrollo.grupomedios.com\/futbol\/wp-content\/uploads\/2016\/03\/Adidas-Pogba-3.jpg\" data-image=\"http:\/\/desarrollo.grupomedios.com\/futbol\/wp-content\/uploads\/2016\/03\/Adidas-Pogba-3.jpg\" data-description=\"Adidas Pogba 3\"><img alt=\"\" src=\"http:\/\/desarrollo.grupomedios.com\/futbol\/wp-content\/uploads\/2016\/03\/Adidas-Pogba-4.jpg\" data-image=\"http:\/\/desarrollo.grupomedios.com\/futbol\/wp-content\/uploads\/2016\/03\/Adidas-Pogba-4.jpg\" data-description=\"Adidas Pogba 4\"><img alt=\"\" src=\"http:\/\/desarrollo.grupomedios.com\/futbol\/wp-content\/uploads\/2016\/03\/Adidas-Pogba-5.jpg\" data-image=\"http:\/\/desarrollo.grupomedios.com\/futbol\/wp-content\/uploads\/2016\/03\/Adidas-Pogba-5.jpg\" data-description=\"Adidas Pogba 5\"><img alt=\"\" src=\"http:\/\/desarrollo.grupomedios.com\/futbol\/wp-content\/uploads\/2016\/03\/Adidas-Pogba-1.jpg\" data-image=\"http:\/\/desarrollo.grupomedios.com\/futbol\/wp-content\/uploads\/2016\/03\/Adidas-Pogba-1.jpg\" data-description=\"Adidas Pogba 1\"><\/div>\n        <script>\n        \/\/galeria 1\n        jQuery(document).ready(function(){ \n            var api;\n            api = jQuery(\"#galleryLyE\").unitegallery({\n                carousel_autoplay: false\n            }); \n        });\n        <\/script>\n        \n<p>\u201cMe encanta la m\u00fasica, el baile y la moda, pero mi mayor pasi\u00f3n es el futbol, y necesitaba una marca que pudiera darme el espacio para expresarme y explorar nuevas fronteras. En adidas, he encontrado un aliado que tiene las mismas metas que yo\u201d.<\/p>\n<p>Siguiendo con su extraordinario viaje desde las calles hasta el estatus de superestrella, Pogba ya ha ganado tres t\u00edtulos en la liga italiana y tres trofeos de copas dom\u00e9sticas, el FIFA U20 World Cup 2013, el premio FIFA World Cup al Mejor Jugador Joven en 2014, y fue nombrado en el FIFPro World XI 2015. Se une al listado global de talento futbol\u00edstico de la marca, que incluye a Leo Messi, James Rodr\u00edguez, Mesut \u00d6zil, Luis Su\u00e1rez y Gareth Bale.<\/p>\n<p>&nbsp;<\/p>\n","protected":false},"excerpt":{"rendered":"<p>El crack franc\u00e9s tendr\u00e1 tacos exclusivos <\/p>\n","protected":false},"author":20,"featured_media":380996,"comment_status":"closed","ping_status":"closed","sticky":false,"template":"","format":"standard","meta":[],"categories":[3839,3,3848,5951],"tags":[1560,6104],"_links":{"self":[{"href":"http:\/\/desarrollo.grupomedios.com\/futbol\/wp-json\/wp\/v2\/posts\/380995"}],"collection":[{"href":"http:\/\/desarrollo.grupomedios.com\/futbol\/wp-json\/wp\/v2\/posts"}],"about":[{"href":"http:\/\/desarrollo.grupomedios.com\/futbol\/wp-json\/wp\/v2\/types\/post"}],"author":[{"embeddable":true,"href":"http:\/\/desarrollo.grupomedios.com\/futbol\/wp-json\/wp\/v2\/users\/20"}],"replies":[{"embeddable":true,"href":"http:\/\/desarrollo.grupomedios.com\/futbol\/wp-json\/wp\/v2\/comments?post=380995"}],"version-history":[{"count":0,"href":"http:\/\/desarrollo.grupomedios.com\/futbol\/wp-json\/wp\/v2\/posts\/380995\/revisions"}],"wp:featuredmedia":[{"embeddable":true,"href":"http:\/\/desarrollo.grupomedios.com\/futbol\/wp-json\/wp\/v2\/media\/380996"}],"wp:attachment":[{"href":"http:\/\/desarrollo.grupomedios.com\/futbol\/wp-json\/wp\/v2\/media?parent=380995"}],"wp:term":[{"taxonomy":"category","embeddable":true,"href":"http:\/\/desarrollo.grupomedios.com\/futbol\/wp-json\/wp\/v2\/categories?post=380995"},{"taxonomy":"post_tag","embeddable":true,"href":"http:\/\/desarrollo.grupomedios.com\/futbol\/wp-json\/wp\/v2\/tags?post=380995"}],"curies":[{"name":"wp","href":"https:\/\/api.w.org\/{rel}","templated":true}]}}