{"id":381090,"date":"2016-03-16T14:35:18","date_gmt":"2016-03-16T20:35:18","guid":{"rendered":"http:\/\/www.futboltotal.com.mx\/?p=381090"},"modified":"2016-03-16T14:56:16","modified_gmt":"2016-03-16T20:56:16","slug":"agenda-tv-jornada-11-clausura-2016","status":"publish","type":"post","link":"http:\/\/desarrollo.grupomedios.com\/futbol\/videos\/agenda-tv-jornada-11-clausura-2016\/2016\/03","title":{"rendered":"Rayados quiere cenar Chivas en vez de cabrito"},"content":{"rendered":"<p>La <strong>jornada 11 del Clausura 2016<\/strong> comienza el pr\u00f3ximo viernes 18 de marzo, donde Quer\u00e9taro y Chiapas, abrir\u00e1n la actividad, y enseguida, Xolos recibir\u00e1 al Toluca en el estadio Caliente; para el siguiente d\u00eda, los juegos m\u00e1s atractivos ser\u00e1n en <strong>Am\u00e9rica vs. Le\u00f3n<\/strong> en el Azteca, y el <strong>Monterrey vs. Chivas<\/strong> en <em>La Sultana del Norte<\/em>.<\/p>\n<p style=\"text-align: center;\"><span style=\"color: #3366ff;\"><strong><a style=\"color: #3366ff;\" href=\"http:\/\/www.futboltotal.com.mx\/2016\/03\/pumas-no-teme-entrenar-bajo-contingencia\/\" target=\"_blank\">LEER M\u00c1S: Pumas no teme a contingencia ambiental<\/a><\/strong><\/span><\/p>\n<p>Para el domingo, Puebla recibir\u00e1 a Tigres para cerrar la actividad de la d\u00e9cima fecha del <strong>Clausura 2016<\/strong>. Si quieres disfrutar de los partidos, a continuaci\u00f3n, tenemos la agenda de la Liga MX a trav\u00e9s de la TV.<\/p>\n<p><span style=\"color: #ff0000;\"><strong>VIDEO: Agenda TV | Jornada 11 Clausura 2016<\/strong><\/span><\/p>\n<p>[video_player]https:\/\/player.vimeo.com\/external\/159245137.sd.mp4?s=da2577243940a5c0e28c9f7b3e07ddc766975d28&amp;profile_id=165[\/video_player]<\/p>\n","protected":false},"excerpt":{"rendered":"<p>Agenda TV | Los duelos m\u00e1s atractivos de la jornada 11<\/p>\n","protected":false},"author":20,"featured_media":348323,"comment_status":"closed","ping_status":"closed","sticky":false,"template":"","format":"standard","meta":[],"categories":[6383,2198,3845,4],"tags":[5938,6458,3249],"_links":{"self":[{"href":"http:\/\/desarrollo.grupomedios.com\/futbol\/wp-json\/wp\/v2\/posts\/381090"}],"collection":[{"href":"http:\/\/desarrollo.grupomedios.com\/futbol\/wp-json\/wp\/v2\/posts"}],"about":[{"href":"http:\/\/desarrollo.grupomedios.com\/futbol\/wp-json\/wp\/v2\/types\/post"}],"author":[{"embeddable":true,"href":"http:\/\/desarrollo.grupomedios.com\/futbol\/wp-json\/wp\/v2\/users\/20"}],"replies":[{"embeddable":true,"href":"http:\/\/desarrollo.grupomedios.com\/futbol\/wp-json\/wp\/v2\/comments?post=381090"}],"version-history":[{"count":0,"href":"http:\/\/desarrollo.grupomedios.com\/futbol\/wp-json\/wp\/v2\/posts\/381090\/revisions"}],"wp:featuredmedia":[{"embeddable":true,"href":"http:\/\/desarrollo.grupomedios.com\/futbol\/wp-json\/wp\/v2\/media\/348323"}],"wp:attachment":[{"href":"http:\/\/desarrollo.grupomedios.com\/futbol\/wp-json\/wp\/v2\/media?parent=381090"}],"wp:term":[{"taxonomy":"category","embeddable":true,"href":"http:\/\/desarrollo.grupomedios.com\/futbol\/wp-json\/wp\/v2\/categories?post=381090"},{"taxonomy":"post_tag","embeddable":true,"href":"http:\/\/desarrollo.grupomedios.com\/futbol\/wp-json\/wp\/v2\/tags?post=381090"}],"curies":[{"name":"wp","href":"https:\/\/api.w.org\/{rel}","templated":true}]}}