{"id":381183,"date":"2016-03-17T08:26:03","date_gmt":"2016-03-17T14:26:03","guid":{"rendered":"http:\/\/www.futboltotal.com.mx\/?p=381183"},"modified":"2016-03-17T14:36:27","modified_gmt":"2016-03-17T20:36:27","slug":"sergio-egea-abrazo-del-rival","status":"publish","type":"post","link":"http:\/\/desarrollo.grupomedios.com\/futbol\/futbol-internacional\/sergio-egea-abrazo-del-rival\/2016\/03","title":{"rendered":"Sergio Egea: el abrazo del rival"},"content":{"rendered":"<p><strong>Las historias m\u00e1s conmovedoras del futbol<\/strong> no siempre se escriben en la parte en que los reflectores pegan con m\u00e1s fuerza, ni dentro del campo. Lejos de las marquesinas de la Primera Divisi\u00f3n suceden tambi\u00e9n cap\u00edtulos memorables.<\/p>\n<p>Las cantidades manejadas a esas alturas (sueldos, traspasos, audiencias) hacen que a veces perdamos de vista acciones menos relacionadas con lo comercial y mucho m\u00e1s con lo deportivo. Por eso,\u00a0quiz\u00e1,\u00a0cuando te fijas m\u00e1s abajo, sacando del cuadro los elementos de negocio, es m\u00e1s f\u00e1cil apreciar historias como la de <strong>Sergio Egea<\/strong> con Ra\u00fal Nieto, un aficionado del Zamora de Espa\u00f1a.<\/p>\n<p><em>Rulo<\/em>, como lo conocen sus amigos, tiene 18 a\u00f1os y vive en aquella localidad del oeste espa\u00f1ol, que limita con Portugal. \u201cNo es una ciudad futbolera que digamos\u201d, me cuenta y explica: \u201cComo en otras muchas ciudades de Espa\u00f1a, su gente presta m\u00e1s atenci\u00f3n a los grandes: Real Madrid, Barcelona o <em>Atleti<\/em>. Yo digamos que soy bastante raro; tengo pocos amigos que sean del Zamora y los que son, son tambi\u00e9n de uno de esos grandes. Yo no. Yo soy s\u00f3lo del equipo de mi ciudad\u201d.<\/p>\n<p style=\"text-align: center;\"><span style=\"color: #3366ff;\"><strong><a style=\"color: #3366ff;\" href=\"http:\/\/www.futboltotal.com.mx\/2016\/02\/los-35-azules-un-cruz-azul-en-chile\/\" target=\"_blank\">LEER M\u00c1S: Los 35 Azules: un Cruz Azul y Chile<\/a><\/strong><\/span><\/p>\n<p>El hecho de que juegue en divisiones inferiores no disminuye ni un poco el cari\u00f1o que este <em>chaval<\/em> siente por sus colores; al contrario: aunque reconoce que le gustar\u00eda ver al Zamora en una liga mejor, encuentra el lado luminoso en su circunstancia: \u201cEn estas categor\u00edas los futbolistas son mucho m\u00e1s humildes, m\u00e1s cercanos. Tengo la suerte de ser amigo de todos mis \u00eddolos\u201d.<\/p>\n<div id=\"attachment_381239\" style=\"width: 830px\" class=\"wp-caption alignleft\"><a href=\"http:\/\/www.futboltotal.com.mx\/wp-content\/uploads\/2016\/03\/matador.jpg\" rel=\"attachment wp-att-381239\"><img aria-describedby=\"caption-attachment-381239\" decoding=\"async\" loading=\"lazy\" class=\"wp-image-381239 size-full\" src=\"http:\/\/www.futboltotal.com.mx\/wp-content\/uploads\/2016\/03\/matador.jpg\" alt=\"matador\" srcset=\"http:\/\/desarrollo.grupomedios.com\/futbol\/wp-content\/uploads\/2016\/03\/matador.jpg 820w, http:\/\/desarrollo.grupomedios.com\/futbol\/wp-content\/uploads\/2016\/03\/matador-300x128.jpg 300w, http:\/\/desarrollo.grupomedios.com\/futbol\/wp-content\/uploads\/2016\/03\/matador-768x328.jpg 768w\" sizes=\"(max-width: 820px) 100vw, 820px\" \/><\/a><p id=\"caption-attachment-381239\" class=\"wp-caption-text\"><em>Rulo<\/em> con su \u00eddolo, <em>Nacho<\/em> Matador, ex del Zamora y hoy con el Cultural Leonesa de segunda B<\/p><\/div>\n<p>La otra gran ventaja tiene que ver con algo que sucede tambi\u00e9n en otros planos de la vida: quienes menos tienen, son a veces quienes m\u00e1s lo aprecian, por poco que sea: \u201cEn un club modesto, cada victoria se celebra como si fuese la \u00faltima y eso se disfruta mucho m\u00e1s que si eres de un equipo como Madrid o <em>Bar\u00e7a<\/em>\u201d.\u00a0En una realidad futbol\u00edstica como esta, pues, se valora todo. Incluido un abrazo del rival.<\/p>\n<p><span style=\"color: #ff0000;\">&#8220;No lo pases\u00a0tan mal&#8221;<\/span><strong>\u00a0| Sergio Egea<\/strong> es un viejo conocido del futbol mexicano. Fue auxiliar de Hugo S\u00e1nchez en el bicampeonato de los\u00a0<a href=\"http:\/\/www.futboltotal.com.mx\/equipos\/unam\/\" target=\"_blank\">Pumas de la UNAM<\/a> en 2004, en la Selecci\u00f3n Mexicana y en el Almer\u00eda; adem\u00e1s, dirigi\u00f3 a <em>Estudiantes<\/em> Altamira en el Ascenso MX.<\/p>\n<p>A mediados de 2014 se convirti\u00f3 en DT del Oviedo, cuya afici\u00f3n es otra de esas muestras del amor a unos colores que el futbol en divisiones inferiores ofrece, seg\u00fan el argentino: \u201cTodas las familias sienten el azul del equipo. Nace un beb\u00e9 y a las dos horas es socio del Oviedo, con su camiseta. Es una cosa muy dif\u00edcil de encontrar\u201d.<\/p>\n<p style=\"text-align: center;\"><span style=\"color: #3366ff;\"><strong><a style=\"color: #3366ff;\" href=\"http:\/\/www.futboltotal.com.mx\/2016\/03\/messi-quiso-ir-al-club-zidane\/\">LEER M\u00c1S: Messi quiso ir al club de Zidane<\/a><\/strong><\/span><\/p>\n<p>Eso, m\u00e1s su relaci\u00f3n con Arturo El\u00edas Ayub y Joaqu\u00edn del Olmo -directivos del club a quienes conoci\u00f3 en Pumas- lo convenci\u00f3: \u201cEstoy encantado de dirigirlo e intentar cumplir el objetivo\u201d. <a href=\"http:\/\/www.futboltotal.com.mx\/2015\/05\/el-oviedo-de-carlos-slim-asciende-a-segunda-division\/\" target=\"_blank\">Ese objetivo era ascender de segunda b a segunda y lo consigui\u00f3 para el curso 2015-16<\/a>.<\/p>\n<p><a href=\"http:\/\/www.futboltotal.com.mx\/2016\/03\/sergio-egea-abrazo-del-rival\/sergio-egea-historia\/\" rel=\"attachment wp-att-381433\"><img decoding=\"async\" loading=\"lazy\" class=\"aligncenter size-full wp-image-381433\" src=\"http:\/\/www.futboltotal.com.mx\/wp-content\/uploads\/2016\/03\/sergio-egea-historia.jpg\" alt=\"sergio-egea-historia\" srcset=\"http:\/\/desarrollo.grupomedios.com\/futbol\/wp-content\/uploads\/2016\/03\/sergio-egea-historia.jpg 820w, http:\/\/desarrollo.grupomedios.com\/futbol\/wp-content\/uploads\/2016\/03\/sergio-egea-historia-300x128.jpg 300w, http:\/\/desarrollo.grupomedios.com\/futbol\/wp-content\/uploads\/2016\/03\/sergio-egea-historia-768x328.jpg 768w\" sizes=\"(max-width: 820px) 100vw, 820px\" \/><\/a><\/p>\n<p>Ya en segunda, el Oviedo pisa firme: tras 29 jornadas, es tercero, a tres puntos del ascenso directo y en la zona que le permitir\u00eda disputar el <em>play-off<\/em> para buscar subir a Primera. Pese a ello, <a href=\"http:\/\/www.futboltotal.com.mx\/2016\/03\/sergio-egea-renuncia-del-real-oviedo-discusion\/\" target=\"_blank\">el 14 de marzo <strong>Sergio Egea<\/strong> renunci\u00f3 a su cargo, por diferencias con algunos jugadores<\/a>.<\/p>\n<p>Su categor\u00eda se not\u00f3 en su discurso de despedida:\u00a0\u201cHe pasado 20 meses geniales, ante todo est\u00e1 la instituci\u00f3n, por encima de las personas. Si un cuerpo t\u00e9cnico no suma, no tiene por qu\u00e9 restar\u201d- Y en c\u00f3mo la afici\u00f3n ovetense acudi\u00f3 a despedirlo al estadio, aplaudi\u00e9ndolo y coreando su nombre desde la grada.<\/p>\n<p>Lo m\u00e1s llamativo es que el reconocimiento le ha llegado incluso de quienes fueron sus rivales. En la fecha 34 de la temporada 2014-15, el Oviedo visit\u00f3 al Zamora.<\/p>\n<p>\u201cNos ganaron 1-4\u201d, me dice <em>Rulo<\/em> y explica lo que el resultado significaba para cada bando: \u201cEllos pr\u00e1cticamente ganaban la liga y se acercaban el ascenso. Nosotros est\u00e1bamos casi descendidos, algo que pod\u00eda significar la muerte para el Zamora, puesto que en tercera divisi\u00f3n era inviable seguir\u201d.<\/p>\n<p>Zamora es quiz\u00e1 el \u00fanico club en segunda B que no encarec\u00eda las entradas al estadio aprovechando la visita de la numerosa afici\u00f3n del Oviedo (3,000 o 4,000 seguidores en divisiones inferiores son much\u00edsimos), lo que genera buena relaci\u00f3n entre los seguidores de ambos clubes. Por ello, tras el juego, varios aficionados del Oviedo consolaron a <em>Rulo<\/em>, quien, afuera del estadio Ruta de Plata, cumpli\u00f3 con un ritual: \u201cSi pierden, siempre me quedo a esperar a mis jugadores para darles \u00e1nimo; aquel d\u00eda, como la situaci\u00f3n era poco esperanzadora, ten\u00eda l\u00e1grimas en los ojos\u201d.<\/p>\n<p style=\"text-align: center;\"><span style=\"color: #3366ff;\"><strong><a style=\"color: #3366ff;\" href=\"http:\/\/www.futboltotal.com.mx\/2015\/12\/freddy-adu-el-nino-que-nunca-crecio\/\">LEER M\u00c1S: Freddy Adu, el ni\u00f1o que nunca creci\u00f3<\/a><\/strong><\/span><\/p>\n<p>En esas estaba cuando apareci\u00f3 Egea, quien advirti\u00f3 su tristeza: \u201c\u00c9l sab\u00eda la situaci\u00f3n del Zamora y en cuanto me vio hundido, se acerc\u00f3 a m\u00ed\u201d. Lo que sucedi\u00f3 entonces se le qued\u00f3 a Ra\u00fal muy grabado: \u201cSergio Egea me dijo: \u2018Dame un abrazo y no lo pases tan mal. Ustedes nos ganaron en nuestra casa en la primera ronda de la competici\u00f3n, fueron el mejor equipo al que nos hemos enfrentado y van a salvarse\u2019. No me conoc\u00eda de nada, pero tuvo ese detalle conmigo\u201d.<\/p>\n<p><a href=\"http:\/\/www.futboltotal.com.mx\/2016\/03\/sergio-egea-abrazo-del-rival\/sergio-egea-ovidedo-historia\/\" rel=\"attachment wp-att-381434\"><img decoding=\"async\" loading=\"lazy\" class=\"aligncenter size-full wp-image-381434\" src=\"http:\/\/www.futboltotal.com.mx\/wp-content\/uploads\/2016\/03\/sergio-egea-ovidedo-historia.jpg\" alt=\"sergio-egea-ovidedo-historia\" srcset=\"http:\/\/desarrollo.grupomedios.com\/futbol\/wp-content\/uploads\/2016\/03\/sergio-egea-ovidedo-historia.jpg 820w, http:\/\/desarrollo.grupomedios.com\/futbol\/wp-content\/uploads\/2016\/03\/sergio-egea-ovidedo-historia-300x128.jpg 300w, http:\/\/desarrollo.grupomedios.com\/futbol\/wp-content\/uploads\/2016\/03\/sergio-egea-ovidedo-historia-768x328.jpg 768w\" sizes=\"(max-width: 820px) 100vw, 820px\" \/><\/a><\/p>\n<p>El gesto del argentino aminor\u00f3 un poco la tristeza de <em>Rulo<\/em>: \u201cMe demostr\u00f3 que quedan personas muy nobles en este deporte tan maravilloso. Me saqu\u00e9 una foto con \u00e9l, con los ojos llorosos a\u00fan y se fue\u201d.<\/p>\n<blockquote class=\"twitter-tweet\" data-lang=\"es\">\n<p dir=\"ltr\" lang=\"es\">Tras el Zamora 1-4 Oviedo, se acerc\u00f3, me abraz\u00f3 y me consol\u00f3. Sin conocerme. Suerte, caballero. Suerte, Sergio Egea. <a href=\"https:\/\/t.co\/AZyjTF2Rl7\">pic.twitter.com\/AZyjTF2Rl7<\/a><\/p>\n<p>\u2014 Rulo (@Sr__Nieto) <a href=\"https:\/\/twitter.com\/Sr__Nieto\/status\/709468766204272640\">14 de marzo de 2016<\/a><\/p><\/blockquote>\n<p><script src=\"\/\/platform.twitter.com\/widgets.js\" async=\"\" charset=\"utf-8\"><\/script><\/p>\n<p>Tal como tem\u00eda, el Zamora de <em>Rulo<\/em> descendi\u00f3 al final de aquella campa\u00f1a. Sin embargo, de \u00faltima hora encontr\u00f3 la forma de sobrevivir y hoy puede competir en tercera, como agradece este orgulloso aficionado: \u201ccon poca estabilidad, pero sobrevivimos\u201d.<\/p>\n<p>Qui\u00e9n sabe qu\u00e9 le depare el futuro inmediato al Zamora, si el Ruta de la Plata sea escenario de segunda B el pr\u00f3ximo a\u00f1o, con <em>Rulo<\/em> en sus gradas, como cada partido; qui\u00e9n sabe cu\u00e1l ser\u00e1 la siguiente parada en el camino para <strong>Sergio Egea<\/strong>. Pero sin importar lo que suceda con ambos, sus historias son una muestra m\u00e1s de que <strong>el lado m\u00e1s emotivo del futbol late con fuerza<\/strong> sin importar qu\u00e9 tan lejos est\u00e9 de la intensidad de los reflectores que apuntan a los torneos m\u00e1s espectaculares, ni de las cantidades multimillonarias que lo rodean.<\/p>\n<p><strong>Egea<\/strong>, <em>Rulo<\/em>, el Zamora y el Oviedo son una prueba m\u00e1s de que lejos de las alturas, el mundo del bal\u00f3n tambi\u00e9n emociona.<\/p>\n","protected":false},"excerpt":{"rendered":"<p>La pelota escribe historias entra\u00f1ables a todos niveles<\/p>\n","protected":false},"author":20,"featured_media":381238,"comment_status":"closed","ping_status":"closed","sticky":false,"template":"","format":"standard","meta":[],"categories":[3839,3844,5951],"tags":[4545],"_links":{"self":[{"href":"http:\/\/desarrollo.grupomedios.com\/futbol\/wp-json\/wp\/v2\/posts\/381183"}],"collection":[{"href":"http:\/\/desarrollo.grupomedios.com\/futbol\/wp-json\/wp\/v2\/posts"}],"about":[{"href":"http:\/\/desarrollo.grupomedios.com\/futbol\/wp-json\/wp\/v2\/types\/post"}],"author":[{"embeddable":true,"href":"http:\/\/desarrollo.grupomedios.com\/futbol\/wp-json\/wp\/v2\/users\/20"}],"replies":[{"embeddable":true,"href":"http:\/\/desarrollo.grupomedios.com\/futbol\/wp-json\/wp\/v2\/comments?post=381183"}],"version-history":[{"count":0,"href":"http:\/\/desarrollo.grupomedios.com\/futbol\/wp-json\/wp\/v2\/posts\/381183\/revisions"}],"wp:featuredmedia":[{"embeddable":true,"href":"http:\/\/desarrollo.grupomedios.com\/futbol\/wp-json\/wp\/v2\/media\/381238"}],"wp:attachment":[{"href":"http:\/\/desarrollo.grupomedios.com\/futbol\/wp-json\/wp\/v2\/media?parent=381183"}],"wp:term":[{"taxonomy":"category","embeddable":true,"href":"http:\/\/desarrollo.grupomedios.com\/futbol\/wp-json\/wp\/v2\/categories?post=381183"},{"taxonomy":"post_tag","embeddable":true,"href":"http:\/\/desarrollo.grupomedios.com\/futbol\/wp-json\/wp\/v2\/tags?post=381183"}],"curies":[{"name":"wp","href":"https:\/\/api.w.org\/{rel}","templated":true}]}}