{"id":381208,"date":"2016-03-16T16:25:55","date_gmt":"2016-03-16T22:25:55","guid":{"rendered":"http:\/\/www.futboltotal.com.mx\/?p=381208"},"modified":"2016-03-16T16:27:38","modified_gmt":"2016-03-16T22:27:38","slug":"egidio-arevalo-carlos-sanchez-convocados-uruguay","status":"publish","type":"post","link":"http:\/\/desarrollo.grupomedios.com\/futbol\/futbol-mexicano\/egidio-arevalo-carlos-sanchez-convocados-uruguay\/2016\/03","title":{"rendered":"Egidio Ar\u00e9valo y Carlos S\u00e1nchez, convocados con Uruguay"},"content":{"rendered":"<p>De cara a sus duelos contra Brasil y Per\u00fa, el cuerpo t\u00e9cnico de <strong>Uruguay<\/strong>, encabezado por Washigton T\u00e1barez, dio a conocer su lista de convocados, donde destacan dos futbolistas que militan en la <strong>Liga MX<\/strong>.<\/p>\n<p><strong>Egidio Ar\u00e9valo<\/strong>, mediocampista del Atlas, y <strong>Carlos S\u00e1nchez<\/strong>, del Monterrey se integrar\u00e1n a la selecci\u00f3n de <strong>Uruguay<\/strong>, en la primera fecha FIFA del a\u00f1o, despu\u00e9s de que participen en su correspondiente partido en la jornada 11 del Clausura 2016.<\/p>\n<p style=\"text-align: left;\">M\u00e9xico sigue siendo de gran aporte para el futbol sudamericano, pues las selecciones de Ecuador, Paraguay, Argentina, Chile y Uruguay, se han nutrido de la <strong>Liga MX<\/strong> desde el semestre pasado, donde destacan futbolistas como Nahuel Guzm\u00e1n, Agust\u00edn Marches\u00edn, Juan Carlos Silva, Bryan Rabello, Paulo da Silva y Carlos S\u00e1nchez.<\/p>\n<p style=\"text-align: center;\"><span style=\"color: #3366ff;\"><strong><a style=\"color: #3366ff;\" href=\"http:\/\/www.futboltotal.com.mx\/2016\/03\/los-sucesores-oswaldo-sanchez\/\" target=\"_blank\">LEER M\u00c1S: Agust\u00edn Marches\u00edn, \u00fanico sucesor for\u00e1neo de Oswaldo S\u00e1nchez<\/a><\/strong><\/span><\/p>\n<p style=\"text-align: left;\">Estos son los convocados de <strong>Uruguay<\/strong>, para enfrentar a Brasil y Per\u00fa, en partidos correspondientes a la eliminatoria de CONMEBOL, rumbo al Mundial de Rusia 2018.<\/p>\n<blockquote class=\"twitter-tweet\" data-lang=\"es\">\n<p dir=\"ltr\" lang=\"es\"><a href=\"https:\/\/twitter.com\/hashtag\/Eliminatorias?src=hash\">#Eliminatorias<\/a> | El Cuerpo T\u00e9cnico de <a href=\"https:\/\/twitter.com\/Uruguay\">@Uruguay<\/a> convoc\u00f3 25 futbolistas para enfrentar a Brasil (25\/3) y Per\u00fa (29\/3). <a href=\"https:\/\/t.co\/pqnqMOQNjK\">pic.twitter.com\/pqnqMOQNjK<\/a><\/p>\n<p>\u2014 Selecci\u00f3n Uruguaya (@Uruguay) <a href=\"https:\/\/twitter.com\/Uruguay\/status\/710143278243516416\">16 de marzo de 2016<\/a><\/p><\/blockquote>\n<p><script src=\"\/\/platform.twitter.com\/widgets.js\" async=\"\" charset=\"utf-8\"><\/script><\/p>\n<p><span style=\"color: #ff0000;\"><strong>VIDEO: Agenda TV | Jornada 11 Clausura 2016<\/strong><\/span><\/p>\n<p>[video_player]https:\/\/player.vimeo.com\/external\/159245137.sd.mp4?s=da2577243940a5c0e28c9f7b3e07ddc766975d28&amp;profile_id=165[\/video_player]<\/p>\n","protected":false},"excerpt":{"rendered":"<p>La Liga MX aporta m\u00e1s futbolistas a selecciones de CONMEBOL<\/p>\n","protected":false},"author":20,"featured_media":381221,"comment_status":"closed","ping_status":"closed","sticky":false,"template":"","format":"standard","meta":[],"categories":[3839,2198,3845,5951],"tags":[5961,64,5966,503],"_links":{"self":[{"href":"http:\/\/desarrollo.grupomedios.com\/futbol\/wp-json\/wp\/v2\/posts\/381208"}],"collection":[{"href":"http:\/\/desarrollo.grupomedios.com\/futbol\/wp-json\/wp\/v2\/posts"}],"about":[{"href":"http:\/\/desarrollo.grupomedios.com\/futbol\/wp-json\/wp\/v2\/types\/post"}],"author":[{"embeddable":true,"href":"http:\/\/desarrollo.grupomedios.com\/futbol\/wp-json\/wp\/v2\/users\/20"}],"replies":[{"embeddable":true,"href":"http:\/\/desarrollo.grupomedios.com\/futbol\/wp-json\/wp\/v2\/comments?post=381208"}],"version-history":[{"count":0,"href":"http:\/\/desarrollo.grupomedios.com\/futbol\/wp-json\/wp\/v2\/posts\/381208\/revisions"}],"wp:featuredmedia":[{"embeddable":true,"href":"http:\/\/desarrollo.grupomedios.com\/futbol\/wp-json\/wp\/v2\/media\/381221"}],"wp:attachment":[{"href":"http:\/\/desarrollo.grupomedios.com\/futbol\/wp-json\/wp\/v2\/media?parent=381208"}],"wp:term":[{"taxonomy":"category","embeddable":true,"href":"http:\/\/desarrollo.grupomedios.com\/futbol\/wp-json\/wp\/v2\/categories?post=381208"},{"taxonomy":"post_tag","embeddable":true,"href":"http:\/\/desarrollo.grupomedios.com\/futbol\/wp-json\/wp\/v2\/tags?post=381208"}],"curies":[{"name":"wp","href":"https:\/\/api.w.org\/{rel}","templated":true}]}}