{"id":381356,"date":"2016-03-16T21:40:45","date_gmt":"2016-03-17T03:40:45","guid":{"rendered":"http:\/\/www.futboltotal.com.mx\/?p=381356"},"modified":"2016-03-16T22:10:47","modified_gmt":"2016-03-17T04:10:47","slug":"futbolistas-a-la-sombra-de-sus-hermanos","status":"publish","type":"post","link":"http:\/\/desarrollo.grupomedios.com\/futbol\/futbol-internacional\/futbolistas-a-la-sombra-de-sus-hermanos\/2016\/03","title":{"rendered":"Futbolistas a la sombra de sus hermanos"},"content":{"rendered":"<p><em>Imagen interactiva | Sit\u00faa el curso o el dedo \u00edndice sobre los puntos rojos de la imagen para desplegar la informaci\u00f3n.<\/em><br \/>\n<img decoding=\"async\" class=\"alwaysThinglink\" style=\"max-width: 100%;\" src=\"\/\/cdn.thinglink.me\/api\/image\/766860837590663168\/1024\/10\/scaletowidth#tl-766860837590663168;1043138249'\" alt=\"Futbolistas a la sombra de sus hermanos 0\" \/><\/p>\n<p><script src=\"\/\/cdn.thinglink.me\/jse\/embed.js\" async=\"\" charset=\"utf-8\"><\/script><\/p>\n","protected":false},"excerpt":{"rendered":"<p>Cinco jugadores que no han tenido el mismo \u00e9xito que sus hermanos<\/p>\n","protected":false},"author":20,"featured_media":381376,"comment_status":"closed","ping_status":"closed","sticky":false,"template":"","format":"standard","meta":[],"categories":[3839,5951],"tags":[6790,701,6016,6104,6051,1618],"_links":{"self":[{"href":"http:\/\/desarrollo.grupomedios.com\/futbol\/wp-json\/wp\/v2\/posts\/381356"}],"collection":[{"href":"http:\/\/desarrollo.grupomedios.com\/futbol\/wp-json\/wp\/v2\/posts"}],"about":[{"href":"http:\/\/desarrollo.grupomedios.com\/futbol\/wp-json\/wp\/v2\/types\/post"}],"author":[{"embeddable":true,"href":"http:\/\/desarrollo.grupomedios.com\/futbol\/wp-json\/wp\/v2\/users\/20"}],"replies":[{"embeddable":true,"href":"http:\/\/desarrollo.grupomedios.com\/futbol\/wp-json\/wp\/v2\/comments?post=381356"}],"version-history":[{"count":0,"href":"http:\/\/desarrollo.grupomedios.com\/futbol\/wp-json\/wp\/v2\/posts\/381356\/revisions"}],"wp:featuredmedia":[{"embeddable":true,"href":"http:\/\/desarrollo.grupomedios.com\/futbol\/wp-json\/wp\/v2\/media\/381376"}],"wp:attachment":[{"href":"http:\/\/desarrollo.grupomedios.com\/futbol\/wp-json\/wp\/v2\/media?parent=381356"}],"wp:term":[{"taxonomy":"category","embeddable":true,"href":"http:\/\/desarrollo.grupomedios.com\/futbol\/wp-json\/wp\/v2\/categories?post=381356"},{"taxonomy":"post_tag","embeddable":true,"href":"http:\/\/desarrollo.grupomedios.com\/futbol\/wp-json\/wp\/v2\/tags?post=381356"}],"curies":[{"name":"wp","href":"https:\/\/api.w.org\/{rel}","templated":true}]}}