{"id":381589,"date":"2016-03-17T12:49:01","date_gmt":"2016-03-17T18:49:01","guid":{"rendered":"http:\/\/www.futboltotal.com.mx\/?p=381589"},"modified":"2016-03-17T13:20:49","modified_gmt":"2016-03-17T19:20:49","slug":"multan-a-vela-1-9-millones-pesos","status":"publish","type":"post","link":"http:\/\/desarrollo.grupomedios.com\/futbol\/destacado-home\/multan-a-vela-1-9-millones-pesos\/2016\/03","title":{"rendered":"Multan a Vela con\u2026 \u00a11.9 millones de pesos!"},"content":{"rendered":"<p><strong>Carlos Vela<\/strong> recibi\u00f3 una sanci\u00f3n econ\u00f3mica de 100 mil euros (<strong>1.9 millones de pesos<\/strong>) por parte de la <strong>Real Sociedad<\/strong>. La multa llega luego de que el delantero mexicano cometi\u00f3 un par de indisciplinas.<\/p>\n<p>De acuerdo al diario espa\u00f1ol <em>Mundo Deportivo<\/em>, la directiva <em>txuriurdin<\/em> <strong>aplic\u00f3 la mayor sanci\u00f3n posible<\/strong>, debido a que el <em>Bombardero<\/em> viol\u00f3 dos faltas del reglamento interno: ausentarse al entrenamiento sin ninguna justificaci\u00f3n y pasar la noche posterior a un partido en una ciudad distinta sin autorizaci\u00f3n del club.<\/p>\n<p style=\"text-align: center;\"><strong><span style=\"color: #3366ff;\"><a style=\"color: #3366ff;\" href=\"http:\/\/www.futboltotal.com.mx\/2016\/03\/carlos-vela-se-niega-a-aclarar-indisciplina\/\">LEER M\u00c1S: \u00bfIndisciplina? Carlos apaga la VELA<\/a><\/span><\/strong><\/p>\n<p>En ese sentido, cabe recordar que en un principio se dijo que la ausencia de <strong>Carlos Vela<\/strong> obedeci\u00f3 a un malestar estomacal, pero luego trasciendo que el mexicano se qued\u00f3 dormido y no pudo tomar el vuelo de Madrid \u2013donde fue captado en un concierto- a San Sebasti\u00e1n.<\/p>\n<p>Sobre la multa, se agrega que los 1.9 millones de pesos se le cobrar\u00e1n en la segunda parte de la ficha que recibe, la cual ser\u00e1 en junio pr\u00f3ximo.<\/p>\n<p>\u201cEl futbolista ha acatado la sanci\u00f3n propuesta por el club\u2026 <strong>Vela<\/strong>, una vez recibido el pliego de cargos, ten\u00eda un plazo para presentar alegaciones e incluso acudir a Magistratura, pero ha decidido firmar y dar el visto bueno al castigo impuesto\u201d, publica <em>Mundo Deportivo<\/em>.<\/p>\n","protected":false},"excerpt":{"rendered":"<p>la directiva txuriurdin aplic\u00f3 la mayor sanci\u00f3n posible<\/p>\n","protected":false},"author":20,"featured_media":381452,"comment_status":"closed","ping_status":"closed","sticky":false,"template":"","format":"standard","meta":[],"categories":[5,3839,3844],"tags":[6048,4545],"_links":{"self":[{"href":"http:\/\/desarrollo.grupomedios.com\/futbol\/wp-json\/wp\/v2\/posts\/381589"}],"collection":[{"href":"http:\/\/desarrollo.grupomedios.com\/futbol\/wp-json\/wp\/v2\/posts"}],"about":[{"href":"http:\/\/desarrollo.grupomedios.com\/futbol\/wp-json\/wp\/v2\/types\/post"}],"author":[{"embeddable":true,"href":"http:\/\/desarrollo.grupomedios.com\/futbol\/wp-json\/wp\/v2\/users\/20"}],"replies":[{"embeddable":true,"href":"http:\/\/desarrollo.grupomedios.com\/futbol\/wp-json\/wp\/v2\/comments?post=381589"}],"version-history":[{"count":0,"href":"http:\/\/desarrollo.grupomedios.com\/futbol\/wp-json\/wp\/v2\/posts\/381589\/revisions"}],"wp:featuredmedia":[{"embeddable":true,"href":"http:\/\/desarrollo.grupomedios.com\/futbol\/wp-json\/wp\/v2\/media\/381452"}],"wp:attachment":[{"href":"http:\/\/desarrollo.grupomedios.com\/futbol\/wp-json\/wp\/v2\/media?parent=381589"}],"wp:term":[{"taxonomy":"category","embeddable":true,"href":"http:\/\/desarrollo.grupomedios.com\/futbol\/wp-json\/wp\/v2\/categories?post=381589"},{"taxonomy":"post_tag","embeddable":true,"href":"http:\/\/desarrollo.grupomedios.com\/futbol\/wp-json\/wp\/v2\/tags?post=381589"}],"curies":[{"name":"wp","href":"https:\/\/api.w.org\/{rel}","templated":true}]}}