{"id":381622,"date":"2016-03-17T14:19:50","date_gmt":"2016-03-17T20:19:50","guid":{"rendered":"http:\/\/www.futboltotal.com.mx\/?p=381622"},"modified":"2016-03-17T14:19:50","modified_gmt":"2016-03-17T20:19:50","slug":"los-memes-chicharito-europa-league","status":"publish","type":"post","link":"http:\/\/desarrollo.grupomedios.com\/futbol\/galerias\/los-memes-chicharito-europa-league\/2016\/03","title":{"rendered":"Los Memes de Chicharito y Europa League"},"content":{"rendered":"<p>La traves\u00eda se acab\u00f3 porque no hubo haza\u00f1a, <strong>Bayer Leverkusen<\/strong> empat\u00f3 0-0 con Villarreal, marcador que lo conden\u00f3 a la eliminaci\u00f3n de la <strong>Europa League<\/strong> por el global 0-2. De esta forma las <em>Aspirinas<\/em> se despidieron del torneo, ante la tristeza que esto provoc\u00f3 en los fan\u00e1ticos de <strong>Chicharito<\/strong> en redes sociales se animaron con los <strong>Memes<\/strong>.<\/p>\n<div id=\"galleryxLF\" style=\"display:none;\"><img alt=\"\" src=\"http:\/\/desarrollo.grupomedios.com\/futbol\/wp-content\/uploads\/2016\/03\/memes-chicharito-europa-league-1.jpg\" data-image=\"http:\/\/desarrollo.grupomedios.com\/futbol\/wp-content\/uploads\/2016\/03\/memes-chicharito-europa-league-1.jpg\" data-description=\"memes-chicharito-europa-league-1\"><img alt=\"\" src=\"http:\/\/desarrollo.grupomedios.com\/futbol\/wp-content\/uploads\/2016\/03\/memes-chicharito-europa-league-2.jpg\" data-image=\"http:\/\/desarrollo.grupomedios.com\/futbol\/wp-content\/uploads\/2016\/03\/memes-chicharito-europa-league-2.jpg\" data-description=\"memes-chicharito-europa-league-2\"><img alt=\"\" src=\"http:\/\/desarrollo.grupomedios.com\/futbol\/wp-content\/uploads\/2016\/03\/memes-chicharito-europa-league-3.jpg\" data-image=\"http:\/\/desarrollo.grupomedios.com\/futbol\/wp-content\/uploads\/2016\/03\/memes-chicharito-europa-league-3.jpg\" data-description=\"memes-chicharito-europa-league-3\"><img alt=\"\" src=\"http:\/\/desarrollo.grupomedios.com\/futbol\/wp-content\/uploads\/2016\/03\/memes-chicharito-europa-league-4.jpg\" data-image=\"http:\/\/desarrollo.grupomedios.com\/futbol\/wp-content\/uploads\/2016\/03\/memes-chicharito-europa-league-4.jpg\" data-description=\"memes-chicharito-europa-league-4\"><img alt=\"\" src=\"http:\/\/desarrollo.grupomedios.com\/futbol\/wp-content\/uploads\/2016\/03\/memes-chicharito-europa-league-5.jpg\" data-image=\"http:\/\/desarrollo.grupomedios.com\/futbol\/wp-content\/uploads\/2016\/03\/memes-chicharito-europa-league-5.jpg\" data-description=\"memes-chicharito-europa-league-5\"><img alt=\"\" src=\"http:\/\/desarrollo.grupomedios.com\/futbol\/wp-content\/uploads\/2016\/03\/memes-chicharito-europa-league-6.jpg\" data-image=\"http:\/\/desarrollo.grupomedios.com\/futbol\/wp-content\/uploads\/2016\/03\/memes-chicharito-europa-league-6.jpg\" data-description=\"memes-chicharito-europa-league-6\"><img alt=\"\" src=\"http:\/\/desarrollo.grupomedios.com\/futbol\/wp-content\/uploads\/2016\/03\/memes-chicharito-europa-league-7.jpg\" data-image=\"http:\/\/desarrollo.grupomedios.com\/futbol\/wp-content\/uploads\/2016\/03\/memes-chicharito-europa-league-7.jpg\" data-description=\"memes-chicharito-europa-league-7\"><img alt=\"\" src=\"http:\/\/desarrollo.grupomedios.com\/futbol\/wp-content\/uploads\/2016\/03\/memes-chicharito-europa-league-8.jpg\" data-image=\"http:\/\/desarrollo.grupomedios.com\/futbol\/wp-content\/uploads\/2016\/03\/memes-chicharito-europa-league-8.jpg\" data-description=\"memes-chicharito-europa-league-8\"><img alt=\"\" src=\"http:\/\/desarrollo.grupomedios.com\/futbol\/wp-content\/uploads\/2016\/03\/memes-chicharito-europa-league-9.jpg\" data-image=\"http:\/\/desarrollo.grupomedios.com\/futbol\/wp-content\/uploads\/2016\/03\/memes-chicharito-europa-league-9.jpg\" data-description=\"memes-chicharito-europa-league-9\"><\/div>\n        <script>\n        \/\/galeria 1\n        jQuery(document).ready(function(){ \n            var api;\n            api = jQuery(\"#galleryxLF\").unitegallery({\n                carousel_autoplay: false\n            }); \n        });\n        <\/script>\n        \n","protected":false},"excerpt":{"rendered":"<p>En redes sociales tomaron con humor la eliminaci\u00f3n del Leverkusen <\/p>\n","protected":false},"author":20,"featured_media":381632,"comment_status":"closed","ping_status":"closed","sticky":false,"template":"","format":"standard","meta":[],"categories":[3857,3839,3,6409,6718],"tags":[120,516,4949],"_links":{"self":[{"href":"http:\/\/desarrollo.grupomedios.com\/futbol\/wp-json\/wp\/v2\/posts\/381622"}],"collection":[{"href":"http:\/\/desarrollo.grupomedios.com\/futbol\/wp-json\/wp\/v2\/posts"}],"about":[{"href":"http:\/\/desarrollo.grupomedios.com\/futbol\/wp-json\/wp\/v2\/types\/post"}],"author":[{"embeddable":true,"href":"http:\/\/desarrollo.grupomedios.com\/futbol\/wp-json\/wp\/v2\/users\/20"}],"replies":[{"embeddable":true,"href":"http:\/\/desarrollo.grupomedios.com\/futbol\/wp-json\/wp\/v2\/comments?post=381622"}],"version-history":[{"count":0,"href":"http:\/\/desarrollo.grupomedios.com\/futbol\/wp-json\/wp\/v2\/posts\/381622\/revisions"}],"wp:featuredmedia":[{"embeddable":true,"href":"http:\/\/desarrollo.grupomedios.com\/futbol\/wp-json\/wp\/v2\/media\/381632"}],"wp:attachment":[{"href":"http:\/\/desarrollo.grupomedios.com\/futbol\/wp-json\/wp\/v2\/media?parent=381622"}],"wp:term":[{"taxonomy":"category","embeddable":true,"href":"http:\/\/desarrollo.grupomedios.com\/futbol\/wp-json\/wp\/v2\/categories?post=381622"},{"taxonomy":"post_tag","embeddable":true,"href":"http:\/\/desarrollo.grupomedios.com\/futbol\/wp-json\/wp\/v2\/tags?post=381622"}],"curies":[{"name":"wp","href":"https:\/\/api.w.org\/{rel}","templated":true}]}}