{"id":381671,"date":"2016-03-17T15:48:17","date_gmt":"2016-03-17T21:48:17","guid":{"rendered":"http:\/\/www.futboltotal.com.mx\/?p=381671"},"modified":"2016-03-17T15:48:17","modified_gmt":"2016-03-17T21:48:17","slug":"casi-me-voy-olympiacos-alan-pulido","status":"publish","type":"post","link":"http:\/\/desarrollo.grupomedios.com\/futbol\/futbol-internacional\/casi-me-voy-olympiacos-alan-pulido\/2016\/03","title":{"rendered":"Casi me voy de Olympiacos: Alan Pulido"},"content":{"rendered":"<p>El delantero del <strong>Olympiacos<\/strong> de Grecia, <strong>Alan Pulido<\/strong>, habl\u00f3 en una entrevista sobre el momento que vive con el cuadro hel\u00e9nico, y sobre su estatus en el futbol mexicano, a donde no teme volver, pues niega que haya veto hacia \u00e9l.<\/p>\n<p>&#8220;No me siento vetado del futbol mexicano, porque no me han cerrado ninguna puerta. Mi pensamiento como todo jugador es retirarme en el club donde naciste. Sinceramente no tengo rencor ni con <strong><a href=\"http:\/\/futboltotal.com.mx\/equipos\/tigres\/\" target=\"_blank\">Tigres<\/a><\/strong> ni con el Ingeniero, s\u00ed hay un poco de tristeza. Al final la situaci\u00f3n con la UANL se sali\u00f3 un poco de control&#8221;, se\u00f1al\u00f3 <strong>Alan Pulido<\/strong>, en una entrevista con la cadena <em>ESPN<\/em>.<\/p>\n<p>A pesar de que se siente c\u00f3modo en <strong>Olympiacos<\/strong>, <strong>Alan Pulido<\/strong> confiesa que ya planeaba emigrar a otras latitudes, en busca de tener mejores oportunidades de competir; pero justo cuando pensaba abandonar al club griego, se present\u00f3 una oportunidad.<\/p>\n<p style=\"text-align: center;\"><span style=\"color: #3366ff;\"><strong><a style=\"color: #3366ff;\" href=\"http:\/\/www.futboltotal.com.mx\/2016\/02\/me-encantaria-retirarme-en-tigres-alan-pulido\/\" target=\"_blank\">LEER M\u00c1S: &#8220;Me gustar\u00eda retirarme en Tigres&#8221;, Alan Pulido<\/a><\/strong><\/span><\/p>\n<p>&#8220;Justo cuando estaba viendo otras opciones de equipos me dieron m\u00e1s participaci\u00f3n y estoy marcando goles importantes. Me siento contento y preparado y creo que puedo hacer cosas grandes ac\u00e1&#8221;, concluy\u00f3 <strong>Alan Pulido<\/strong>, quien ya fue campe\u00f3n con Olympiacos.<\/p>\n<p><span style=\"color: #ff0000;\"><strong>VIDEO: Agenda TV | Jornada 11 Clausura 2016<\/strong><\/span><\/p>\n<p>[video_player]https:\/\/player.vimeo.com\/external\/159245137.sd.mp4?s=da2577243940a5c0e28c9f7b3e07ddc766975d28&amp;profile_id=165[\/video_player]<\/p>\n","protected":false},"excerpt":{"rendered":"<p>El mexicano habla de su momento, y niega estar vetado en M\u00e9xico<\/p>\n","protected":false},"author":20,"featured_media":381673,"comment_status":"closed","ping_status":"closed","sticky":false,"template":"","format":"standard","meta":[],"categories":[3839,5951],"tags":[1607,6091],"_links":{"self":[{"href":"http:\/\/desarrollo.grupomedios.com\/futbol\/wp-json\/wp\/v2\/posts\/381671"}],"collection":[{"href":"http:\/\/desarrollo.grupomedios.com\/futbol\/wp-json\/wp\/v2\/posts"}],"about":[{"href":"http:\/\/desarrollo.grupomedios.com\/futbol\/wp-json\/wp\/v2\/types\/post"}],"author":[{"embeddable":true,"href":"http:\/\/desarrollo.grupomedios.com\/futbol\/wp-json\/wp\/v2\/users\/20"}],"replies":[{"embeddable":true,"href":"http:\/\/desarrollo.grupomedios.com\/futbol\/wp-json\/wp\/v2\/comments?post=381671"}],"version-history":[{"count":0,"href":"http:\/\/desarrollo.grupomedios.com\/futbol\/wp-json\/wp\/v2\/posts\/381671\/revisions"}],"wp:featuredmedia":[{"embeddable":true,"href":"http:\/\/desarrollo.grupomedios.com\/futbol\/wp-json\/wp\/v2\/media\/381673"}],"wp:attachment":[{"href":"http:\/\/desarrollo.grupomedios.com\/futbol\/wp-json\/wp\/v2\/media?parent=381671"}],"wp:term":[{"taxonomy":"category","embeddable":true,"href":"http:\/\/desarrollo.grupomedios.com\/futbol\/wp-json\/wp\/v2\/categories?post=381671"},{"taxonomy":"post_tag","embeddable":true,"href":"http:\/\/desarrollo.grupomedios.com\/futbol\/wp-json\/wp\/v2\/tags?post=381671"}],"curies":[{"name":"wp","href":"https:\/\/api.w.org\/{rel}","templated":true}]}}