{"id":381767,"date":"2016-03-17T20:32:10","date_gmt":"2016-03-18T02:32:10","guid":{"rendered":"http:\/\/www.futboltotal.com.mx\/?p=381767"},"modified":"2016-03-17T20:32:10","modified_gmt":"2016-03-18T02:32:10","slug":"11-ideal-seleccionados-liga-mx-en-conmebol","status":"publish","type":"post","link":"http:\/\/desarrollo.grupomedios.com\/futbol\/futbol-mexicano\/11-ideal-seleccionados-liga-mx-en-conmebol\/2016\/03","title":{"rendered":"11 ideal de jugadores de Liga MX en CONMEBOL"},"content":{"rendered":"<p>La primera fecha FIFA del 2016 ha sorprendido a muchos, sobre todo por las convoctorias de cada selecci\u00f3n, de cara a sus respectivos enuentros. En el caso de la Selecci\u00f3n Mexicana, destac\u00f3 la ausencia de Guillermo Ochoa y Carlos Vela; pero en el caso de los representativos de <strong>CONMEBOL<\/strong>, es importante remarcar que son seis los combinados que eligieron a futbolistas de la <a href=\"http:\/\/futboltotal.com.mx\/futbol-mexicano\/\" target=\"_blank\"><strong>Liga MX<\/strong><\/a>, para representarlos.<\/p>\n<p>Argentina, Chile, Colombia, Ecuador, Paraguay y Uruguay, son los pa\u00edses que conf\u00edan en el talento de la <strong>Liga MX<\/strong> de cara a sus partidos de eliminatoria de <strong>CONMEBOL<\/strong>, de la fecha FIFA de marzo, por ello destacamos, el 11 ideal de los seleccionados del balompi\u00e9 <em>azteca<\/em>, en el futbol sudamericano.<\/p>\n<p style=\"text-align: center;\"><span style=\"color: #3366ff;\"><strong><a style=\"color: #3366ff;\" href=\"http:\/\/www.futboltotal.com.mx\/2016\/03\/oficial-convocatoria-la-seleccion-mexicana-2\/\" target=\"_blank\">LEER M\u00c1S: Los elegidos por Juan Carlos Osorio<\/a><\/strong><\/span><\/p>\n<p><a href=\"http:\/\/www.futboltotal.com.mx\/wp-content\/uploads\/2016\/03\/ONCE_IDEAL_SELECCIONADOS-LIGA-MX-CONMEBOL.jpg\" rel=\"attachment wp-att-381768\"><img decoding=\"async\" loading=\"lazy\" class=\"alignnone size-full wp-image-381768\" src=\"http:\/\/www.futboltotal.com.mx\/wp-content\/uploads\/2016\/03\/ONCE_IDEAL_SELECCIONADOS-LIGA-MX-CONMEBOL.jpg\" alt=\"ONCE_IDEAL_SELECCIONADOS-LIGA-MX-CONMEBOL\" srcset=\"http:\/\/desarrollo.grupomedios.com\/futbol\/wp-content\/uploads\/2016\/03\/ONCE_IDEAL_SELECCIONADOS-LIGA-MX-CONMEBOL.jpg 820w, http:\/\/desarrollo.grupomedios.com\/futbol\/wp-content\/uploads\/2016\/03\/ONCE_IDEAL_SELECCIONADOS-LIGA-MX-CONMEBOL-237x300.jpg 237w, http:\/\/desarrollo.grupomedios.com\/futbol\/wp-content\/uploads\/2016\/03\/ONCE_IDEAL_SELECCIONADOS-LIGA-MX-CONMEBOL-768x970.jpg 768w, http:\/\/desarrollo.grupomedios.com\/futbol\/wp-content\/uploads\/2016\/03\/ONCE_IDEAL_SELECCIONADOS-LIGA-MX-CONMEBOL-811x1024.jpg 811w\" sizes=\"(max-width: 820px) 100vw, 820px\" \/><\/a><\/p>\n<p><strong>Portero:<\/strong> Nahuel Guzm\u00e1n (Tigres\/Argentina)<\/p>\n<p><strong>Defensas:<\/strong> \u00d3scar Murillo (Pachuca\/Colombia), Paulo da Silva (Toluca\/Paraguay), Stefan Medina (Pachuca\/Colombia)<\/p>\n<p><strong>Medios:<\/strong> Egidio Ar\u00e9valo (Atlas\/Uruguay), Carlos S\u00e1nchez (Monterrey\/Uruguay), Luis Qui\u00f1ones (Pumas\/Colombia), Edwin Cardona (Monterrey\/Colombia)<\/p>\n<p><strong>Delanteros:<\/strong> Dayro Moreno (Xolos\/Colombia), Fidel Mart\u00ednez (Pumas\/Ecuador), Jorge Ben\u00edtez (Cruz Azul\/Paraguay)<\/p>\n<p><strong>Suplentes:<\/strong> Walter Ayov\u00ed (Monterrey\/Ecuador), Bryan Rabello (Santos\/Chile),\u00a0 Francisco Silva (Chiapas\/Chile), Fernando Meneses (Veracruz\/Chile).<\/p>\n","protected":false},"excerpt":{"rendered":"<p>As\u00ed jugar\u00edan los actuales seleccionados sudamericanos, juntos<\/p>\n","protected":false},"author":20,"featured_media":381769,"comment_status":"closed","ping_status":"closed","sticky":false,"template":"","format":"standard","meta":[],"categories":[3839,2198,3845,5951],"tags":[5623,1392,64],"_links":{"self":[{"href":"http:\/\/desarrollo.grupomedios.com\/futbol\/wp-json\/wp\/v2\/posts\/381767"}],"collection":[{"href":"http:\/\/desarrollo.grupomedios.com\/futbol\/wp-json\/wp\/v2\/posts"}],"about":[{"href":"http:\/\/desarrollo.grupomedios.com\/futbol\/wp-json\/wp\/v2\/types\/post"}],"author":[{"embeddable":true,"href":"http:\/\/desarrollo.grupomedios.com\/futbol\/wp-json\/wp\/v2\/users\/20"}],"replies":[{"embeddable":true,"href":"http:\/\/desarrollo.grupomedios.com\/futbol\/wp-json\/wp\/v2\/comments?post=381767"}],"version-history":[{"count":0,"href":"http:\/\/desarrollo.grupomedios.com\/futbol\/wp-json\/wp\/v2\/posts\/381767\/revisions"}],"wp:featuredmedia":[{"embeddable":true,"href":"http:\/\/desarrollo.grupomedios.com\/futbol\/wp-json\/wp\/v2\/media\/381769"}],"wp:attachment":[{"href":"http:\/\/desarrollo.grupomedios.com\/futbol\/wp-json\/wp\/v2\/media?parent=381767"}],"wp:term":[{"taxonomy":"category","embeddable":true,"href":"http:\/\/desarrollo.grupomedios.com\/futbol\/wp-json\/wp\/v2\/categories?post=381767"},{"taxonomy":"post_tag","embeddable":true,"href":"http:\/\/desarrollo.grupomedios.com\/futbol\/wp-json\/wp\/v2\/tags?post=381767"}],"curies":[{"name":"wp","href":"https:\/\/api.w.org\/{rel}","templated":true}]}}