{"id":382045,"date":"2016-03-19T10:53:01","date_gmt":"2016-03-19T16:53:01","guid":{"rendered":"http:\/\/www.futboltotal.com.mx\/?p=382045"},"modified":"2016-03-19T15:56:03","modified_gmt":"2016-03-19T21:56:03","slug":"keylor-navas-extrana-a-chicharito","status":"publish","type":"post","link":"http:\/\/desarrollo.grupomedios.com\/futbol\/futbol-internacional\/keylor-navas-extrana-a-chicharito\/2016\/03","title":{"rendered":"Keylor Navas extra\u00f1a a Chicharito"},"content":{"rendered":"<p><strong>Keylor Navas<\/strong> disfruta de ser el portero titular del <strong>Real Madrid<\/strong> en la actualidad, pero para llegar a esa alegr\u00eda tuvo que pasar por ratos bastante amargos luego de brillar en el Mundial de Brasil 2014.<\/p>\n<p>Todo era diferente hace un curso para <strong>Keylor<\/strong> que contemplaba la mayor\u00eda de los partidos desde la banca mientras Iker Casillas estaba bajo los tres palos de la porter\u00eda del Real Madrid. En esos momentos complicados el costarricense encontr\u00f3 en <strong><a href=\"http:\/\/www.futboltotal.com.mx\/?s=chicharito+\"><span style=\"color: #3366ff;\">Javier \u00a0Chicharito Hern\u00e1ndez<\/span> <\/a><\/strong>un apoyo para nunca rendirse, un verdadero amigo.<\/p>\n<p style=\"text-align: center;\"><span style=\"color: #3366ff;\"><strong><a style=\"color: #3366ff;\" href=\"http:\/\/www.futboltotal.com.mx\/2016\/03\/los-memes-chicharito-europa-league\/\">LEER M\u00c1S: Los memes de Chicharito y la Europa League<\/a><\/strong><\/span><\/p>\n<p>\u201cCuando \u00e9l estaba en el Madrid hicimos una buena amistad, es un gran futbolista, vivimos momentos complicados, muchas veces lo intent\u00e9 apoyar y \u00e9l igual, se cre\u00f3 una amistad muy buena, cuando podemos nos vemos\u201d, declar\u00f3 el guardameta a <em>Beinsports<\/em> sobre su relaci\u00f3n con <strong>Chicharito<\/strong>.<\/p>\n<p><strong>Keylor Navas<\/strong> tambi\u00e9n habl\u00f3 sobre el trabajo de los cancerberos en el futbol actual: \u201cSer portero en ning\u00fan lugar es f\u00e1cil, siempre cuando las paras eres el m\u00e1s bueno y cuando le meten gol mucha gente piensa que no es muy bueno\u201d.<\/p>\n<p>Actualmente el mexicano juega en el Bayer Leverkusen de la liga alemana, mientras que el arquero de Costa Rica se qued\u00f3 en el cuadro merengue para ser el titular tras la salida de Iker Casillas.<\/p>\n","protected":false},"excerpt":{"rendered":"<p>El goleador del Bayer Leverkusen se volvi\u00f3 uno de sus mejores amigos en tiempos dif\u00edciles <\/p>\n","protected":false},"author":78,"featured_media":382046,"comment_status":"closed","ping_status":"closed","sticky":false,"template":"","format":"standard","meta":[],"categories":[3839,3844,5951],"tags":[120,427,5590,5988],"_links":{"self":[{"href":"http:\/\/desarrollo.grupomedios.com\/futbol\/wp-json\/wp\/v2\/posts\/382045"}],"collection":[{"href":"http:\/\/desarrollo.grupomedios.com\/futbol\/wp-json\/wp\/v2\/posts"}],"about":[{"href":"http:\/\/desarrollo.grupomedios.com\/futbol\/wp-json\/wp\/v2\/types\/post"}],"author":[{"embeddable":true,"href":"http:\/\/desarrollo.grupomedios.com\/futbol\/wp-json\/wp\/v2\/users\/78"}],"replies":[{"embeddable":true,"href":"http:\/\/desarrollo.grupomedios.com\/futbol\/wp-json\/wp\/v2\/comments?post=382045"}],"version-history":[{"count":0,"href":"http:\/\/desarrollo.grupomedios.com\/futbol\/wp-json\/wp\/v2\/posts\/382045\/revisions"}],"wp:featuredmedia":[{"embeddable":true,"href":"http:\/\/desarrollo.grupomedios.com\/futbol\/wp-json\/wp\/v2\/media\/382046"}],"wp:attachment":[{"href":"http:\/\/desarrollo.grupomedios.com\/futbol\/wp-json\/wp\/v2\/media?parent=382045"}],"wp:term":[{"taxonomy":"category","embeddable":true,"href":"http:\/\/desarrollo.grupomedios.com\/futbol\/wp-json\/wp\/v2\/categories?post=382045"},{"taxonomy":"post_tag","embeddable":true,"href":"http:\/\/desarrollo.grupomedios.com\/futbol\/wp-json\/wp\/v2\/tags?post=382045"}],"curies":[{"name":"wp","href":"https:\/\/api.w.org\/{rel}","templated":true}]}}