{"id":382078,"date":"2016-03-19T13:31:50","date_gmt":"2016-03-19T19:31:50","guid":{"rendered":"http:\/\/www.futboltotal.com.mx\/?p=382078"},"modified":"2016-03-19T13:32:08","modified_gmt":"2016-03-19T19:32:08","slug":"borraron-a-marco-fabian-eintracht-frankfurt","status":"publish","type":"post","link":"http:\/\/desarrollo.grupomedios.com\/futbol\/futbol-internacional\/borraron-a-marco-fabian-eintracht-frankfurt\/2016\/03","title":{"rendered":"Borraron a Marco Fabi\u00e1n con el Eintracht Frankfurt"},"content":{"rendered":"<p>Pese a que su rendimiento durante su estancia en la Bundesliga ha sido bueno\u00a0en lo individual y era recurrente desde su llegada al <strong>Eintracht Frankfurt<\/strong>, <strong>Marco Fabi\u00e1n<\/strong> fue borrado del esquema titular para el segundo partido en el banquillo del t\u00e9cnico Niko Kovac, al que la apuesta le sali\u00f3 bien y consigui\u00f3 el triunfo ante uno de los rivales directos en la lucha por la permanencia, el Hannover.<\/p>\n<p style=\"text-align: center;\"><span style=\"color: #3366ff;\"><strong><a style=\"color: #3366ff;\" href=\"http:\/\/www.futboltotal.com.mx\/2016\/03\/jordan-carver-bavara-aficionada-del-bayern-munich\/\">LEER M\u00c1S: Jordan Carver, b\u00e1vara aficionada del Bayern Munich<\/a><\/strong><\/span><\/p>\n<p>El partido era de alerta m\u00e1xima para el Eintracht Frankfurt, pues luego de una sorpresiva victoria del Hoffenheim, las \u00e1guilas ocupaban previo a su encuentro el pen\u00faltimo lugar de la clasificaci\u00f3n y por tanto, estar\u00eda en la Bundesliga 2 para la futura campa\u00f1a. Las malas noticias para Marco Fabi\u00e1n se acumularon al minuto 33. Su relevo en el once de gala,\u00a0\u00c4nis Ben-Hatira marc\u00f3 el gol de la ventaja para los anfitriones y a la postre el de los tres puntos. No solo eso, el tunecino fue el mejor y sali\u00f3 ovacionado por un\u00a0Commerzbank Arena repleto.<\/p>\n<p><iframe loading=\"lazy\" src=\"https:\/\/www.youtube.com\/embed\/Otzkh0w28qI\" frameborder=\"0\" allowfullscreen=\"allowfullscreen\"><\/iframe><\/p>\n<p>Pese al triunfo, <strong>Eintracht Frankfurt<\/strong> ocupa el lugar 17 por diferencia de goles superior para el Hoffenheim, que cuenta con 27 puntos, mismos que los dirigidos por Niko Kovac a falta de siete jornadas para el final de la <strong>Bundesliga<\/strong>.<\/p>\n","protected":false},"excerpt":{"rendered":"<p>En el segundo partido del t\u00e9cnico Niko Kovac, Marquito se qued\u00f3 en la banca <\/p>\n","protected":false},"author":20,"featured_media":382079,"comment_status":"closed","ping_status":"closed","sticky":false,"template":"","format":"standard","meta":[],"categories":[3839,6822,6718,5951],"tags":[119,3588,131],"_links":{"self":[{"href":"http:\/\/desarrollo.grupomedios.com\/futbol\/wp-json\/wp\/v2\/posts\/382078"}],"collection":[{"href":"http:\/\/desarrollo.grupomedios.com\/futbol\/wp-json\/wp\/v2\/posts"}],"about":[{"href":"http:\/\/desarrollo.grupomedios.com\/futbol\/wp-json\/wp\/v2\/types\/post"}],"author":[{"embeddable":true,"href":"http:\/\/desarrollo.grupomedios.com\/futbol\/wp-json\/wp\/v2\/users\/20"}],"replies":[{"embeddable":true,"href":"http:\/\/desarrollo.grupomedios.com\/futbol\/wp-json\/wp\/v2\/comments?post=382078"}],"version-history":[{"count":0,"href":"http:\/\/desarrollo.grupomedios.com\/futbol\/wp-json\/wp\/v2\/posts\/382078\/revisions"}],"wp:featuredmedia":[{"embeddable":true,"href":"http:\/\/desarrollo.grupomedios.com\/futbol\/wp-json\/wp\/v2\/media\/382079"}],"wp:attachment":[{"href":"http:\/\/desarrollo.grupomedios.com\/futbol\/wp-json\/wp\/v2\/media?parent=382078"}],"wp:term":[{"taxonomy":"category","embeddable":true,"href":"http:\/\/desarrollo.grupomedios.com\/futbol\/wp-json\/wp\/v2\/categories?post=382078"},{"taxonomy":"post_tag","embeddable":true,"href":"http:\/\/desarrollo.grupomedios.com\/futbol\/wp-json\/wp\/v2\/tags?post=382078"}],"curies":[{"name":"wp","href":"https:\/\/api.w.org\/{rel}","templated":true}]}}