{"id":382088,"date":"2016-03-19T15:07:54","date_gmt":"2016-03-19T21:07:54","guid":{"rendered":"http:\/\/www.futboltotal.com.mx\/?p=382088"},"modified":"2016-03-19T17:46:37","modified_gmt":"2016-03-19T23:46:37","slug":"colombia-agradecen-tener-a-luis-quinones-pumas","status":"publish","type":"post","link":"http:\/\/desarrollo.grupomedios.com\/futbol\/futbol-mexicano\/colombia-agradecen-tener-a-luis-quinones-pumas\/2016\/03","title":{"rendered":"Desde Colombia agradecen no contar con Luis Qui\u00f1ones"},"content":{"rendered":"<p>La llegada de <strong>Luis Qui\u00f1ones<\/strong> a <strong>Pumas<\/strong> era toda una inc\u00f3gnita previo al <strong>Clausura 2016<\/strong>. Al habilidoso zurdo le preced\u00edan un sinf\u00edn de problemas de indisciplina pero afortunadamente para los auriazules, esos pasajes oscuros en su carrera de momento quedaron atr\u00e1s.<\/p>\n<p>Tan bueno ha sido el rendimiento de <strong>Luis Qui\u00f1ones<\/strong> que no solo se gan\u00f3 un puesto en la oncena titular de Pumas, borrando a un habitual del anterior curso como Fidel Mart\u00ednez, sino que recibi\u00f3 un premio bien trabajado pero bastante inesperado: <strong><span style=\"color: #3366ff;\"><a style=\"color: #3366ff;\" href=\"http:\/\/www.futboltotal.com.mx\/2016\/03\/seleccion-colombia-apuesta-talento-la-liga-mx\/\">ser convocado por Jos\u00e9 Pekerman<\/a><\/span><\/strong> a la selecci\u00f3n de <strong>Colombia<\/strong>.<\/p>\n<p>Hasta su pa\u00eds de origen retumb\u00f3 la nominaci\u00f3n para <strong>Luis Qui\u00f1ones<\/strong> con el representativo nacional y su exentrenador, Gerardo Pelusso, demostr\u00f3 sorpresa al ser preguntado por el futbolista de Pumas y a la vez, se mostr\u00f3 agradecido por ya no tenerlo en su plantilla.<\/p>\n<p style=\"text-align: center;\"><strong><span style=\"color: #3366ff;\"><a style=\"color: #3366ff;\" href=\"http:\/\/www.futboltotal.com.mx\/2016\/03\/mama-futbolista-exige-titularidad-hijo\/\">LEER M\u00c1S: Mam\u00e1 de futbolista exige titularidad de su hijo<\/a><\/span><\/strong><\/p>\n<p>\u201cNo es mi tema, es un tema de Selecci\u00f3n Colombia.\u00a0Qui\u00f1ones por suerte y gracias a Dios ya no es problema m\u00edo\u201d, dijo el t\u00e9cnico, cuando le preguntaron por la convocatoria del atacante a Selecci\u00f3n.<\/p>\n<p>Qui\u00f1ones ha sido constante en sus indisciplinas y pese a ello recibi\u00f3 una oportunidad so\u00f1ada. La molestia de Peluso radica en que en varias ocasiones le fall\u00f3 al Independiente Santa F\u00e9. Se ausent\u00f3 de entrenamientos en abril del 2015 y luego,\u00a0en plenas semifinales de la Copa Sudamericana, Luis\u00a0dej\u00f3 de apoyar al equipo, faltando de nuevo y comprob\u00e1ndose por aquellas \u00e9pocas serios problemas de alcoholismo.<\/p>\n<p>\u201cQui\u00f1ones no viene m\u00e1s ac\u00e1, no tiene posibilidad de estar con nosotros. Para mi ese jugador no existe porque nos fall\u00f3 en todo sentido, le fall\u00f3 al presidente, que le dio el chance de actual, a los compa\u00f1eros, que lo trataron como un hermano que no supo retribuir. Realmente le fall\u00f3 a todo el mundo. Si tienes una manzana podrida, s\u00e1cala porque te pudre todo el caj\u00f3n\u201d, dijo Pelusso en noviembre del a\u00f1o pasado tras definirse la salida del jugador.<\/p>\n<p>&nbsp;<\/p>\n","protected":false},"excerpt":{"rendered":"<p>Recientemente convocado con la selecci\u00f3n, su anterior entrenador est\u00e1 feliz sin sus servicios <\/p>\n","protected":false},"author":20,"featured_media":382094,"comment_status":"closed","ping_status":"closed","sticky":false,"template":"","format":"standard","meta":[],"categories":[2198,3845,5950],"tags":[6005,6914,74],"_links":{"self":[{"href":"http:\/\/desarrollo.grupomedios.com\/futbol\/wp-json\/wp\/v2\/posts\/382088"}],"collection":[{"href":"http:\/\/desarrollo.grupomedios.com\/futbol\/wp-json\/wp\/v2\/posts"}],"about":[{"href":"http:\/\/desarrollo.grupomedios.com\/futbol\/wp-json\/wp\/v2\/types\/post"}],"author":[{"embeddable":true,"href":"http:\/\/desarrollo.grupomedios.com\/futbol\/wp-json\/wp\/v2\/users\/20"}],"replies":[{"embeddable":true,"href":"http:\/\/desarrollo.grupomedios.com\/futbol\/wp-json\/wp\/v2\/comments?post=382088"}],"version-history":[{"count":0,"href":"http:\/\/desarrollo.grupomedios.com\/futbol\/wp-json\/wp\/v2\/posts\/382088\/revisions"}],"wp:featuredmedia":[{"embeddable":true,"href":"http:\/\/desarrollo.grupomedios.com\/futbol\/wp-json\/wp\/v2\/media\/382094"}],"wp:attachment":[{"href":"http:\/\/desarrollo.grupomedios.com\/futbol\/wp-json\/wp\/v2\/media?parent=382088"}],"wp:term":[{"taxonomy":"category","embeddable":true,"href":"http:\/\/desarrollo.grupomedios.com\/futbol\/wp-json\/wp\/v2\/categories?post=382088"},{"taxonomy":"post_tag","embeddable":true,"href":"http:\/\/desarrollo.grupomedios.com\/futbol\/wp-json\/wp\/v2\/tags?post=382088"}],"curies":[{"name":"wp","href":"https:\/\/api.w.org\/{rel}","templated":true}]}}