{"id":382127,"date":"2016-03-19T17:41:43","date_gmt":"2016-03-19T23:41:43","guid":{"rendered":"http:\/\/www.futboltotal.com.mx\/?p=382127"},"modified":"2016-03-20T17:50:33","modified_gmt":"2016-03-20T23:50:33","slug":"memo-ochoa-cuelga-cero-en-la-porteria-del-malaga","status":"publish","type":"post","link":"http:\/\/desarrollo.grupomedios.com\/futbol\/destacado-home\/memo-ochoa-cuelga-cero-en-la-porteria-del-malaga\/2016\/03","title":{"rendered":"Memo Ochoa cuelga otro cero en la porter\u00eda del M\u00e1laga"},"content":{"rendered":"<p>El Betis debe agradecer a Ad\u00e1n que el <strong>M\u00e1laga<\/strong> no alcanz\u00f3 el primer gol luego de los primeros cinco minutos de partido. El guardameta hab\u00eda salvado a su equipo en un inicio fren\u00e9tico de partido y le fall\u00f3 cuando el choque se encaminaba al cero a cero.<\/p>\n<p>Al final, un error hizo posible la victoria del M\u00e1laga en el segundo encuentro de <strong>Memo Ochoa<\/strong> como titular con los <em>Boquerones<\/em> y un nuevo cero colgado en su porter\u00eda. El triunfo, conseguido por Camacho tras una mala salida de Ad\u00e1n, sella la permanencia del conjunto de Javi Gracia, que alcanza los 39 puntos y se permite el lujo de pelear por la s\u00e9ptima plaza, que puede ser europea.<\/p>\n<p>Ad\u00e1n salv\u00f3 al Betis despu\u00e9s de un infame inicio de partido de los de Merino. Su concentraci\u00f3n y reflejos fueron decisivos para su equipo, al que mantuvo en el partido gracias a dos intervenciones portentosas a los dos minutos de partido ante Albentosa y Charles. No pudo ser en ese loco inicio y el Betis fue ganando terreno pero sin incomodar al guardameta mexicano.<\/p>\n<p style=\"text-align: center;\"><span style=\"color: #3366ff;\"><a style=\"color: #3366ff;\" href=\"http:\/\/www.futboltotal.com.mx\/2016\/03\/enganaron-a-memo-ochoa-llegar-al-malaga\/\">LEER M\u00c1S: Enga\u00f1aron a Memo para llegar al M\u00e1laga<\/a><\/span><\/p>\n<p>El <strong>M\u00e1laga<\/strong> se vio c\u00f3modo con el empate, sin apretar demasiado en busca de un gol que hab\u00eda merecido en los albores del encuentro. Tampoco sufri\u00f3 demasiado en defensa. El Betis casi ni provoc\u00f3 peligro en la meta de <strong>Memo Ochoa<\/strong> en el primer periodo.<\/p>\n<p>El Betis fue otro equipo en la segunda mitad. Mucho m\u00e1s din\u00e1mico y con las l\u00edneas m\u00e1s juntas, los verdiblancos sometieron al <strong>M\u00e1laga<\/strong>. En cinco minutos, Rub\u00e9n Castro goz\u00f3 de dos ocasiones muy claras para marcar. En especial despu\u00e9s de un gran pase de Kadir. El bal\u00f3n le lleg\u00f3 botando dentro del \u00e1rea al canario, lo que en otras ocasiones, casi siempre, es sin\u00f3nimo de gol. Ochoa sac\u00f3 el bal\u00f3n como pudo y en el rechace Damiao bail\u00f3 de forma absurda para ser incapaz de conectar el remate en el rechace del mexicano.<\/p>\n<p>Hab\u00eda merecido el gol el Betis y se encontr\u00f3 con un golpe inesperado. Camacho aprovech\u00f3 una falta colgada al \u00e1rea desde el centro del campo y tras un error garrafal de Ad\u00e1n sell\u00f3 el encuentro.<\/p>\n","protected":false},"excerpt":{"rendered":"<p>El Betis debe agradecer a Ad\u00e1n que el M\u00e1laga no alcanz\u00f3 el primer gol luego de los primeros cinco minutos de partido. El guardameta hab\u00eda salvado a su equipo en un inicio fren\u00e9tico de partido y le fall\u00f3 cuando el choque se encaminaba al cero a cero. Al final, un error hizo posible la victoria [&hellip;]<\/p>\n","protected":false},"author":20,"featured_media":382134,"comment_status":"closed","ping_status":"closed","sticky":false,"template":"","format":"standard","meta":[],"categories":[5,3839,3844,6718,5951],"tags":[5991,5956,306,679],"_links":{"self":[{"href":"http:\/\/desarrollo.grupomedios.com\/futbol\/wp-json\/wp\/v2\/posts\/382127"}],"collection":[{"href":"http:\/\/desarrollo.grupomedios.com\/futbol\/wp-json\/wp\/v2\/posts"}],"about":[{"href":"http:\/\/desarrollo.grupomedios.com\/futbol\/wp-json\/wp\/v2\/types\/post"}],"author":[{"embeddable":true,"href":"http:\/\/desarrollo.grupomedios.com\/futbol\/wp-json\/wp\/v2\/users\/20"}],"replies":[{"embeddable":true,"href":"http:\/\/desarrollo.grupomedios.com\/futbol\/wp-json\/wp\/v2\/comments?post=382127"}],"version-history":[{"count":0,"href":"http:\/\/desarrollo.grupomedios.com\/futbol\/wp-json\/wp\/v2\/posts\/382127\/revisions"}],"wp:featuredmedia":[{"embeddable":true,"href":"http:\/\/desarrollo.grupomedios.com\/futbol\/wp-json\/wp\/v2\/media\/382134"}],"wp:attachment":[{"href":"http:\/\/desarrollo.grupomedios.com\/futbol\/wp-json\/wp\/v2\/media?parent=382127"}],"wp:term":[{"taxonomy":"category","embeddable":true,"href":"http:\/\/desarrollo.grupomedios.com\/futbol\/wp-json\/wp\/v2\/categories?post=382127"},{"taxonomy":"post_tag","embeddable":true,"href":"http:\/\/desarrollo.grupomedios.com\/futbol\/wp-json\/wp\/v2\/tags?post=382127"}],"curies":[{"name":"wp","href":"https:\/\/api.w.org\/{rel}","templated":true}]}}