{"id":382367,"date":"2016-03-20T13:50:00","date_gmt":"2016-03-20T19:50:00","guid":{"rendered":"http:\/\/www.futboltotal.com.mx\/?p=382367"},"modified":"2016-03-20T14:01:56","modified_gmt":"2016-03-20T20:01:56","slug":"angel-reyna-busca-refugio-en-china","status":"publish","type":"post","link":"http:\/\/desarrollo.grupomedios.com\/futbol\/futbol-internacional\/angel-reyna-busca-refugio-en-china\/2016\/03","title":{"rendered":"China, la esperanza de \u00c1ngel Reyna"},"content":{"rendered":"<p>El delantero <strong>\u00c1ngel Reyna<\/strong> sigue en busca de equipo en el extranjero. Descartada la<strong> Liga MX<\/strong>, pues en ninguno de los 18 clubes encontr\u00f3 cabida, el mexicano se refugia en <strong>China<\/strong> para vivir el ocaso de su carrera.<\/p>\n<p>Aun sin revelar el club con el que negocia su contrataci\u00f3n, <strong>Reyna<\/strong> reiter\u00f3 que &#8220;hay posibilidades para jugar en China&#8221; y le hace &#8220;muy feliz llegar a un pa\u00eds donde el futbol es cada vez m\u00e1s importante&#8221;.<\/p>\n<p style=\"text-align: center;\"><span style=\"color: #3366ff;\"><strong><a style=\"color: #3366ff;\" href=\"http:\/\/www.futboltotal.com.mx\/2016\/03\/nestor-la-torre-desmiente-a-angel-reyna\/\">LEER M\u00c1S: Ni gratis ficharon a \u00c1ngel Reyna<\/a><\/strong><\/span><\/p>\n<p>&#8220;Tengo la esperanza de que se concrete mi llegada para poder pasar los \u00faltimos a\u00f1os de mi carrera haciendo lo que me gusta&#8221;, declar\u00f3 en una entrevista el \u00faltimo campe\u00f3n de goleo mexicano, quien ha quedado desvinculado por completo de <em>Chivas<\/em> de Guadalajara.<\/p>\n<p>Pese a que tiene 31 a\u00f1os, <strong>Reyna<\/strong> quiere hacer historia y nada le gustar\u00eda m\u00e1s que &#8220;ser el primer mexicano en jugar en China&#8221;. &#8220;Motiva ser un ejemplo para otros jugadores, adem\u00e1s de tener la oportunidad de ser una estrella y ganar m\u00e1s t\u00edtulos&#8221;, reconoci\u00f3.<\/p>\n<p>&nbsp;<\/p>\n<p>&nbsp;<\/p>\n","protected":false},"excerpt":{"rendered":"<p>El exjugador de Chivas quiere ser el primer mexicano en jugar en la Superliga<\/p>\n","protected":false},"author":20,"featured_media":382368,"comment_status":"closed","ping_status":"closed","sticky":false,"template":"","format":"standard","meta":[],"categories":[3839,5951],"tags":[1659],"_links":{"self":[{"href":"http:\/\/desarrollo.grupomedios.com\/futbol\/wp-json\/wp\/v2\/posts\/382367"}],"collection":[{"href":"http:\/\/desarrollo.grupomedios.com\/futbol\/wp-json\/wp\/v2\/posts"}],"about":[{"href":"http:\/\/desarrollo.grupomedios.com\/futbol\/wp-json\/wp\/v2\/types\/post"}],"author":[{"embeddable":true,"href":"http:\/\/desarrollo.grupomedios.com\/futbol\/wp-json\/wp\/v2\/users\/20"}],"replies":[{"embeddable":true,"href":"http:\/\/desarrollo.grupomedios.com\/futbol\/wp-json\/wp\/v2\/comments?post=382367"}],"version-history":[{"count":0,"href":"http:\/\/desarrollo.grupomedios.com\/futbol\/wp-json\/wp\/v2\/posts\/382367\/revisions"}],"wp:featuredmedia":[{"embeddable":true,"href":"http:\/\/desarrollo.grupomedios.com\/futbol\/wp-json\/wp\/v2\/media\/382368"}],"wp:attachment":[{"href":"http:\/\/desarrollo.grupomedios.com\/futbol\/wp-json\/wp\/v2\/media?parent=382367"}],"wp:term":[{"taxonomy":"category","embeddable":true,"href":"http:\/\/desarrollo.grupomedios.com\/futbol\/wp-json\/wp\/v2\/categories?post=382367"},{"taxonomy":"post_tag","embeddable":true,"href":"http:\/\/desarrollo.grupomedios.com\/futbol\/wp-json\/wp\/v2\/tags?post=382367"}],"curies":[{"name":"wp","href":"https:\/\/api.w.org\/{rel}","templated":true}]}}