{"id":382410,"date":"2016-03-20T17:04:43","date_gmt":"2016-03-20T23:04:43","guid":{"rendered":"http:\/\/www.futboltotal.com.mx\/?p=382410"},"modified":"2016-03-20T17:34:10","modified_gmt":"2016-03-20T23:34:10","slug":"he-gastado-una-las-vidas-me-quedaban-fernando-alonso","status":"publish","type":"post","link":"http:\/\/desarrollo.grupomedios.com\/futbol\/no-todo-es-futbol\/he-gastado-una-las-vidas-me-quedaban-fernando-alonso\/2016\/03","title":{"rendered":"\u201cHe gastado una de las vidas que me quedaban\u201d"},"content":{"rendered":"<p>\u201cSoy consciente de que hoy <strong>he gastado una de las vidas que me quedaban<\/strong>\u201d, escribi\u00f3 el piloto espa\u00f1ol <b>Fernando Alonso<\/b> tras el fuerte coche que sufri\u00f3 este domingo, durante el Gran Premio de Australia, carrera que abri\u00f3 la temporada 2016 de la <b>F\u00f3rmula 1<\/b>.<\/p>\n<p>\u201cQuiero dar las gracias a McLaren y a la FIA por la seguridad actual de los monoplazas. Tambi\u00e9n a mis compa\u00f1eros y a los aficionados por la preocupaci\u00f3n mostrada y su apoyo incondicional\u201d, a\u00f1adi\u00f3 el asturiano en su emotivo mensaje publicado en <i>Instagram<\/i>.<\/p>\n<p><a href=\"http:\/\/www.futboltotal.com.mx\/2016\/03\/he-gastado-una-las-vidas-me-quedaban-fernando-alonso\/he-gastado-una-de-las-vidas-fernando-alonso\/\" rel=\"attachment wp-att-382412\"><img decoding=\"async\" loading=\"lazy\" class=\"aligncenter size-full wp-image-382412\" src=\"http:\/\/www.futboltotal.com.mx\/wp-content\/uploads\/2016\/03\/He-gastado-una-de-las-vidas-fernando-alonso.jpg\" alt=\"He-gastado-una-de-las-vidas-fernando-alonso\" srcset=\"http:\/\/desarrollo.grupomedios.com\/futbol\/wp-content\/uploads\/2016\/03\/He-gastado-una-de-las-vidas-fernando-alonso.jpg 600w, http:\/\/desarrollo.grupomedios.com\/futbol\/wp-content\/uploads\/2016\/03\/He-gastado-una-de-las-vidas-fernando-alonso-300x150.jpg 300w\" sizes=\"(max-width: 600px) 100vw, 600px\" \/><\/a><\/p>\n<p>\u201cA m\u00e1s de 300 kil\u00f3metro por hora te juegas la vida y si en una de esas vueltas de campana golpeas mal, el golpe se convierte en un problema serio. Pero bueno, toca pasar p\u00e1gina\u201d, dijo <b>Fernando Alonso<\/b> en conferencia de prensa sobre el accidente, donde estuvo involucrado el piloto mexicano Esteban Guti\u00e9rrez, de la escuder\u00eda .<\/p>\n<blockquote class=\"twitter-tweet\" data-lang=\"es\">\n<p dir=\"ltr\" lang=\"es\">Carreras hay muchas pero vida solo tenemos una&#8230; Le doy gracias a Dios que salimos bien de esta! <a href=\"https:\/\/t.co\/5BrMSpfXKo\">pic.twitter.com\/5BrMSpfXKo<\/a><\/p>\n<p>\u2014 Esteban Gutierrez (@EstebanGtz) <a href=\"https:\/\/twitter.com\/EstebanGtz\/status\/711508605824946176\">20 de marzo de 2016<\/a><\/p><\/blockquote>\n<p><script src=\"\/\/platform.twitter.com\/widgets.js\" async=\"\" charset=\"utf-8\"><\/script><\/p>\n<p><iframe loading=\"lazy\" src=\"https:\/\/www.youtube.com\/embed\/xRlO6XQzmVU\" frameborder=\"0\" allowfullscreen=\"allowfullscreen\"><\/iframe><\/p>\n<p>El alem\u00e1n Nico Rosberg (Mercedes) se adue\u00f1\u00f3 del\u00a0espectacular <strong>Gran Premio de Australia<\/strong>, marcado por el aparatoso accidente del espa\u00f1ol Fernando Alonso.\u00a0Por su parte, el mexicano\u00a0<em>Checo<\/em> P\u00e9rez se ubic\u00f3 en la decimotercera posici\u00f3n, por lo que no logr\u00f3 cumplir el objetivo de sumar en la primera ronda de la temporada, mientras su coequipero de Force India, el <em>germano<\/em> Nico Hulkenberg, termin\u00f3 en la s\u00e9ptima posici\u00f3n.<\/p>\n","protected":false},"excerpt":{"rendered":"<p>El piloto espa\u00f1ol Fernando Alonso sufri\u00f3 aparatoso accidente<\/p>\n","protected":false},"author":20,"featured_media":382414,"comment_status":"closed","ping_status":"closed","sticky":false,"template":"","format":"standard","meta":[],"categories":[5810,5419,5418],"tags":[5493,5771,5461],"_links":{"self":[{"href":"http:\/\/desarrollo.grupomedios.com\/futbol\/wp-json\/wp\/v2\/posts\/382410"}],"collection":[{"href":"http:\/\/desarrollo.grupomedios.com\/futbol\/wp-json\/wp\/v2\/posts"}],"about":[{"href":"http:\/\/desarrollo.grupomedios.com\/futbol\/wp-json\/wp\/v2\/types\/post"}],"author":[{"embeddable":true,"href":"http:\/\/desarrollo.grupomedios.com\/futbol\/wp-json\/wp\/v2\/users\/20"}],"replies":[{"embeddable":true,"href":"http:\/\/desarrollo.grupomedios.com\/futbol\/wp-json\/wp\/v2\/comments?post=382410"}],"version-history":[{"count":0,"href":"http:\/\/desarrollo.grupomedios.com\/futbol\/wp-json\/wp\/v2\/posts\/382410\/revisions"}],"wp:featuredmedia":[{"embeddable":true,"href":"http:\/\/desarrollo.grupomedios.com\/futbol\/wp-json\/wp\/v2\/media\/382414"}],"wp:attachment":[{"href":"http:\/\/desarrollo.grupomedios.com\/futbol\/wp-json\/wp\/v2\/media?parent=382410"}],"wp:term":[{"taxonomy":"category","embeddable":true,"href":"http:\/\/desarrollo.grupomedios.com\/futbol\/wp-json\/wp\/v2\/categories?post=382410"},{"taxonomy":"post_tag","embeddable":true,"href":"http:\/\/desarrollo.grupomedios.com\/futbol\/wp-json\/wp\/v2\/tags?post=382410"}],"curies":[{"name":"wp","href":"https:\/\/api.w.org\/{rel}","templated":true}]}}