{"id":382584,"date":"2016-03-20T20:44:07","date_gmt":"2016-03-21T02:44:07","guid":{"rendered":"http:\/\/www.futboltotal.com.mx\/?p=382584"},"modified":"2016-03-20T20:44:07","modified_gmt":"2016-03-21T02:44:07","slug":"omar-govea-baja-del-tri-olimpico","status":"publish","type":"post","link":"http:\/\/desarrollo.grupomedios.com\/futbol\/futbol-mexicano\/omar-govea-baja-del-tri-olimpico\/2016\/03","title":{"rendered":"Omar Govea, baja del Tri Ol\u00edmpico"},"content":{"rendered":"<p>La Direcci\u00f3n de Selecciones Nacionales inform\u00f3 esta noche que <strong>Omar Govea<\/strong>, jugador del Porto, caus\u00f3 baja de la <strong>Selecci\u00f3n Mexicana Sub-23<\/strong> debido a una lesi\u00f3n.<\/p>\n<p>Sin dar m\u00e1s detalles del\u00a0estado f\u00edsico\u00a0de <strong>Omar Goeva<\/strong>, canterano de las <em>\u00c1guilas<\/em> del Am\u00e9rica, se agrega que en su lugar no se convocar\u00e1 a ning\u00fan otro jugador, por lo que ser\u00e1n 21 j\u00f3venes mexicanos los que realicen la gira a Portugal, pa\u00eds en donde los dirigidos por Ra\u00fal Guti\u00e9rrez disputar\u00e1n dos partidos como parte de su preparaci\u00f3n de cara a los Juegos Ol\u00edmpicos R\u00edo 2016.<\/p>\n<p style=\"text-align: center;\"><span style=\"color: #3366ff;\"><strong><a style=\"color: #3366ff;\" href=\"http:\/\/www.futboltotal.com.mx\/2016\/03\/5-futbolistas-podrian-jugar-copa-america-juegos-olimpicos\/\">LEER M\u00c1S: Podr\u00edan\u00a0jugar Copa Am\u00e9rica y Juegos Ol\u00edmpicos<\/a><\/strong><\/span><\/p>\n<p>El pasado jueves, se dio a conocer\u00a0la lista de 22 futbolistas, en la que destac\u00f3 que las Chivas del Guadalajara es el equipo que m\u00e1s elementos aport\u00f3 con cinco piezas: Carlos Cisneros, Ra\u00fal L\u00f3pez, Hedgardo Mar\u00edn, Carlos Salcedo y \u00c1ngel Zald\u00edvar.<\/p>\n<p>Ser\u00e1 el 25 de marzo que el\u00a0<strong>Tri Ol\u00edmpico<\/strong>\u00a0se mida con Jap\u00f3n en un partido amistoso y tres d\u00edas despu\u00e9s har\u00e1 lo propio ante Portugal.<\/p>\n","protected":false},"excerpt":{"rendered":"<p>El jugador del Porto no reportar\u00e1 con la Selecci\u00f3n Mexicana<\/p>\n","protected":false},"author":20,"featured_media":382585,"comment_status":"closed","ping_status":"closed","sticky":false,"template":"","format":"standard","meta":[],"categories":[2198,3847,5950],"tags":[5979,2377],"_links":{"self":[{"href":"http:\/\/desarrollo.grupomedios.com\/futbol\/wp-json\/wp\/v2\/posts\/382584"}],"collection":[{"href":"http:\/\/desarrollo.grupomedios.com\/futbol\/wp-json\/wp\/v2\/posts"}],"about":[{"href":"http:\/\/desarrollo.grupomedios.com\/futbol\/wp-json\/wp\/v2\/types\/post"}],"author":[{"embeddable":true,"href":"http:\/\/desarrollo.grupomedios.com\/futbol\/wp-json\/wp\/v2\/users\/20"}],"replies":[{"embeddable":true,"href":"http:\/\/desarrollo.grupomedios.com\/futbol\/wp-json\/wp\/v2\/comments?post=382584"}],"version-history":[{"count":0,"href":"http:\/\/desarrollo.grupomedios.com\/futbol\/wp-json\/wp\/v2\/posts\/382584\/revisions"}],"wp:featuredmedia":[{"embeddable":true,"href":"http:\/\/desarrollo.grupomedios.com\/futbol\/wp-json\/wp\/v2\/media\/382585"}],"wp:attachment":[{"href":"http:\/\/desarrollo.grupomedios.com\/futbol\/wp-json\/wp\/v2\/media?parent=382584"}],"wp:term":[{"taxonomy":"category","embeddable":true,"href":"http:\/\/desarrollo.grupomedios.com\/futbol\/wp-json\/wp\/v2\/categories?post=382584"},{"taxonomy":"post_tag","embeddable":true,"href":"http:\/\/desarrollo.grupomedios.com\/futbol\/wp-json\/wp\/v2\/tags?post=382584"}],"curies":[{"name":"wp","href":"https:\/\/api.w.org\/{rel}","templated":true}]}}