{"id":382606,"date":"2016-03-21T09:01:54","date_gmt":"2016-03-21T15:01:54","guid":{"rendered":"http:\/\/www.futboltotal.com.mx\/?p=382606"},"modified":"2016-03-21T09:39:34","modified_gmt":"2016-03-21T15:39:34","slug":"real-madrid-abre-la-puerta-a-de-gea","status":"publish","type":"post","link":"http:\/\/desarrollo.grupomedios.com\/futbol\/destacado-home\/real-madrid-abre-la-puerta-a-de-gea\/2016\/03","title":{"rendered":"Real Madrid vuelve a la carga por De Gea"},"content":{"rendered":"<p>La gran temporada del costarricense <strong>Keylor Navas<\/strong>\u00a0bajo los tres palos del <strong>Real Madrid<\/strong> no ser\u00e1 una raz\u00f3n de peso para que la directiva del club blanco\u00a0olvide fichar a <strong>David de Gea<\/strong>.<\/p>\n<p>Los <em>Merengues\u00a0<\/em>volver\u00e1n a negociar con el Manchester United la llegada del internacional espa\u00f1ol a cambio de una cifra superior a los 40 millones de euros.<\/p>\n<p>As\u00ed lo apunta la prensa internacional un d\u00eda despu\u00e9s de la brillante actuaci\u00f3n de Navas con el Sevilla, en la cual ataj\u00f3 un penal y tuvo intervenciones puntuales que ayudaron al Real Madrid a conseguir una goleada 4-0, que ser\u00e1 envi\u00f3n an\u00edmico para enfrentar al Barcelona, el pr\u00f3ximo 2 de abril.<\/p>\n<p style=\"text-align: center;\"><span style=\"color: #3366ff;\"><strong><a style=\"color: #3366ff;\" href=\"http:\/\/www.futboltotal.com.mx\/futbol-internacional\">LEER M\u00c1S: Todas las noticias de futbol internacional<\/a><\/strong><\/span><\/p>\n<p>El presidente del club, Florentino P\u00e9rez, sigue con la idea de reforzar la porter\u00eda blanca con <strong>David de Gea<\/strong>, a quien siempre ha querido como relev\u00f3 generacional de Iker Casillas.<\/p>\n<p>A principios de la actual temporada, el Madrid negoci\u00f3 en el \u00faltimo d\u00eda del mercado estival y finalmente no pudo concretar la operaci\u00f3n. Sin embargo la situaci\u00f3n ser\u00e1 distinta para este verano, toda vez que vestir de blanco a <strong>De Gea <\/strong>es prioridad y, a partir de 1 de julio cuando abre el r\u00e9gimen de traspasos en Espa\u00f1a, los de Chamart\u00edn buscar\u00e1n sellar su contrataci\u00f3n.<\/p>\n<p>La prensa internacional apunta que no ser\u00e1 impedimento que De Gea haya renovado su contrato con el Manchester United y est\u00e9 ligado al club hasta 2019, ni tampoco el que Navas tenga contrato hasta 2020. El Madrid pagar\u00eda 40 millones de euros por el meta espa\u00f1ol y adem\u00e1s facilitar\u00eda la salida del costarricense, aunque por ahora no se sabe si este podr\u00eda ser incluido en la negociaci\u00f3n e ir al Manchester United, tal y como se busc\u00f3 en el verano pasado.<\/p>\n<p>&nbsp;<\/p>\n<p>&nbsp;<\/p>\n<p>&nbsp;<\/p>\n","protected":false},"excerpt":{"rendered":"<p>El club espa\u00f1ol insiste en fichar al espa\u00f1ol; dejar\u00eda ir a Keylor Navas<\/p>\n","protected":false},"author":20,"featured_media":382607,"comment_status":"closed","ping_status":"closed","sticky":false,"template":"","format":"standard","meta":[],"categories":[5,3839,3846],"tags":[5590,5988],"_links":{"self":[{"href":"http:\/\/desarrollo.grupomedios.com\/futbol\/wp-json\/wp\/v2\/posts\/382606"}],"collection":[{"href":"http:\/\/desarrollo.grupomedios.com\/futbol\/wp-json\/wp\/v2\/posts"}],"about":[{"href":"http:\/\/desarrollo.grupomedios.com\/futbol\/wp-json\/wp\/v2\/types\/post"}],"author":[{"embeddable":true,"href":"http:\/\/desarrollo.grupomedios.com\/futbol\/wp-json\/wp\/v2\/users\/20"}],"replies":[{"embeddable":true,"href":"http:\/\/desarrollo.grupomedios.com\/futbol\/wp-json\/wp\/v2\/comments?post=382606"}],"version-history":[{"count":0,"href":"http:\/\/desarrollo.grupomedios.com\/futbol\/wp-json\/wp\/v2\/posts\/382606\/revisions"}],"wp:featuredmedia":[{"embeddable":true,"href":"http:\/\/desarrollo.grupomedios.com\/futbol\/wp-json\/wp\/v2\/media\/382607"}],"wp:attachment":[{"href":"http:\/\/desarrollo.grupomedios.com\/futbol\/wp-json\/wp\/v2\/media?parent=382606"}],"wp:term":[{"taxonomy":"category","embeddable":true,"href":"http:\/\/desarrollo.grupomedios.com\/futbol\/wp-json\/wp\/v2\/categories?post=382606"},{"taxonomy":"post_tag","embeddable":true,"href":"http:\/\/desarrollo.grupomedios.com\/futbol\/wp-json\/wp\/v2\/tags?post=382606"}],"curies":[{"name":"wp","href":"https:\/\/api.w.org\/{rel}","templated":true}]}}