{"id":382614,"date":"2016-03-21T09:35:32","date_gmt":"2016-03-21T15:35:32","guid":{"rendered":"http:\/\/www.futboltotal.com.mx\/?p=382614"},"modified":"2016-03-21T16:53:11","modified_gmt":"2016-03-21T22:53:11","slug":"ronaldinho-el-mago-de-los-titulos","status":"publish","type":"post","link":"http:\/\/desarrollo.grupomedios.com\/futbol\/futbol-internacional\/ronaldinho-el-mago-de-los-titulos\/2016\/03","title":{"rendered":"Ronaldinho: el mago de los t\u00edtulos"},"content":{"rendered":"<p>\u201cNo hab\u00eda visto nunca nada igual, esa sensaci\u00f3n, esa superioridad en todo, el ir hacia el portero para marcar\u201d, as\u00ed respondi\u00f3 en 2008 el entonces director t\u00e9cnico del\u00a0<strong>Barcelona<\/strong>,\u00a0<strong>Josep Guardiola<\/strong>, sobre\u00a0<a href=\"http:\/\/www.futboltotal.com.mx\/jugadores\/ronaldinho\/\"><strong>Ronaldinho<\/strong><\/a>, quien fue el encargado de devolverle al conjunto catal\u00e1n la grandeza que hoy d\u00eda sigue presumiendo.<\/p>\n<p>Cinco a\u00f1os despu\u00e9s (2013),\u00a0<strong>Lionel Messi<\/strong>\u00a0acab\u00f3 con cualquier duda: \u201c<strong>Ronaldinho<\/strong>\u00a0fue el culpable del cambio del\u00a0<em>Bar\u00e7a<\/em>. La \u00e9poca era mala (2003) y el cambio experimentado con su llegada fue terrible. En el primer a\u00f1o no gan\u00f3 nada pero la gente se enamor\u00f3 de \u00e9l. Despu\u00e9s llegaron los t\u00edtulos y nos hizo felices a todos.\u00a0<strong>Barcelona<\/strong>\u00a0le debe estar siempre agradecido\u201d.<\/p>\n<p style=\"text-align: center;\"><span style=\"color: #3366ff;\"><strong><a style=\"color: #3366ff;\" href=\"http:\/\/www.futboltotal.com.mx\/futbol-internacional\/\">LEER M\u00c1S: Todas las noticias de futbol internacional<\/a><\/strong><\/span><\/p>\n<p><img decoding=\"async\" loading=\"lazy\" class=\"alignnone size-full wp-image-382615\" src=\"http:\/\/www.futboltotal.com.mx\/wp-content\/uploads\/2016\/03\/RONALDINHO-INFO.jpg\" alt=\"RONALDINHO INFO\" srcset=\"http:\/\/desarrollo.grupomedios.com\/futbol\/wp-content\/uploads\/2016\/03\/RONALDINHO-INFO.jpg 1940w, http:\/\/desarrollo.grupomedios.com\/futbol\/wp-content\/uploads\/2016\/03\/RONALDINHO-INFO-199x300.jpg 199w, http:\/\/desarrollo.grupomedios.com\/futbol\/wp-content\/uploads\/2016\/03\/RONALDINHO-INFO-768x1158.jpg 768w, http:\/\/desarrollo.grupomedios.com\/futbol\/wp-content\/uploads\/2016\/03\/RONALDINHO-INFO-679x1024.jpg 679w\" sizes=\"(max-width: 1940px) 100vw, 1940px\" \/><\/p>\n<p>Estas palabras deben ser retomadas para dimensionar lo que en primera instancia logr\u00f3 el\u00a0<a href=\"http:\/\/www.futboltotal.com.mx\/equipos\/queretaro\/\"><strong>Quer\u00e9taro<\/strong><\/a>, al fichar no solo a uno de los mejores futbolistas de todos los tiempos, sino a uno de los m\u00e1s ganadores. Nunca en la historia, la\u00a0<strong>Liga MX<\/strong>\u00a0hab\u00eda contado con un futbolista campe\u00f3n del mundo, de Liga de Campeones, de Copa Libertadores.<\/p>\n<p><strong>Ronaldo de Assis Moreira<\/strong>\u00a0naci\u00f3 el 21 de marzo de 1980 en Porto Alegre, estado de R\u00edo Grande, Brasil, y durante 12 a\u00f1os como futbolista profesional ha militado en el Gremio, Par\u00eds Saint-Germain,\u00a0<strong>Barcelona<\/strong>, Mil\u00e1n, Flamengo y Atl\u00e9tico Mineiro, esto sin contar a la selecci\u00f3n de Brasil.<\/p>\n<p>Su palmar\u00e9s en clubes se resumen en dos t\u00edtulos con el Gremio, 12 con el\u00a0<strong>Barcelona<\/strong>, uno con el Mil\u00e1n, tres con el Flamengo y tres con el Atl\u00e9tico Mineiro. Con la\u00a0<em>Verdeamarelha<\/em>\u00a0gan\u00f3 una Copa del Mundo Sub-17 (1997), una Copa del Mundo (2002), una Copa Am\u00e9rica (1999) y una Copa Confederaciones (2005).<\/p>\n<p>En cuanto a las distinciones individuales, destacan: Bal\u00f3n de Oro (2005), Mejor Jugador de la FIFA (2004, 2005), Mejor Jugador de Copa Confederaciones (1999), M\u00e1ximo Goleador de Copa Confederaciones (1999).<\/p>\n<p>No hay duda que la de\u00a0<strong>Ronaldinho<\/strong>, es el mago que escribi\u00f3 una\u00a0<strong>historia llena de t\u00edtulos<\/strong>.<\/p>\n<p>&nbsp;<\/p>\n","protected":false},"excerpt":{"rendered":"<p>El legendario brasile\u00f1o, que hoy sigue sin equipo, presume un envidiable palmar\u00e9s<\/p>\n","protected":false},"author":20,"featured_media":382616,"comment_status":"closed","ping_status":"closed","sticky":false,"template":"","format":"standard","meta":[],"categories":[3839,5951],"tags":[5997],"_links":{"self":[{"href":"http:\/\/desarrollo.grupomedios.com\/futbol\/wp-json\/wp\/v2\/posts\/382614"}],"collection":[{"href":"http:\/\/desarrollo.grupomedios.com\/futbol\/wp-json\/wp\/v2\/posts"}],"about":[{"href":"http:\/\/desarrollo.grupomedios.com\/futbol\/wp-json\/wp\/v2\/types\/post"}],"author":[{"embeddable":true,"href":"http:\/\/desarrollo.grupomedios.com\/futbol\/wp-json\/wp\/v2\/users\/20"}],"replies":[{"embeddable":true,"href":"http:\/\/desarrollo.grupomedios.com\/futbol\/wp-json\/wp\/v2\/comments?post=382614"}],"version-history":[{"count":0,"href":"http:\/\/desarrollo.grupomedios.com\/futbol\/wp-json\/wp\/v2\/posts\/382614\/revisions"}],"wp:featuredmedia":[{"embeddable":true,"href":"http:\/\/desarrollo.grupomedios.com\/futbol\/wp-json\/wp\/v2\/media\/382616"}],"wp:attachment":[{"href":"http:\/\/desarrollo.grupomedios.com\/futbol\/wp-json\/wp\/v2\/media?parent=382614"}],"wp:term":[{"taxonomy":"category","embeddable":true,"href":"http:\/\/desarrollo.grupomedios.com\/futbol\/wp-json\/wp\/v2\/categories?post=382614"},{"taxonomy":"post_tag","embeddable":true,"href":"http:\/\/desarrollo.grupomedios.com\/futbol\/wp-json\/wp\/v2\/tags?post=382614"}],"curies":[{"name":"wp","href":"https:\/\/api.w.org\/{rel}","templated":true}]}}