{"id":382652,"date":"2016-03-21T12:53:13","date_gmt":"2016-03-21T18:53:13","guid":{"rendered":"http:\/\/www.futboltotal.com.mx\/?p=382652"},"modified":"2016-03-22T12:57:46","modified_gmt":"2016-03-22T18:57:46","slug":"emotivo-mensaje-buffon-tras-imponer-record","status":"publish","type":"post","link":"http:\/\/desarrollo.grupomedios.com\/futbol\/futbol-internacional\/emotivo-mensaje-buffon-tras-imponer-record\/2016\/03","title":{"rendered":"Buffon reparte elogios tras imponer r\u00e9cord"},"content":{"rendered":"<p>El arquero <strong>Gianluigi Buffon<\/strong> ha dado una muestra m\u00e1s de su clase y categor\u00eda como leyenda balomp\u00e9dica. Despu\u00e9s de haber logrado imponer un nuevo r\u00e9cord sin recibir gol (974 minutos) en la Serie A, el italiano\u00a0rindi\u00f3 un homenaje a quienes hicieron posible la gesta con un emotivo mensaje.<\/p>\n<div id=\"fb-root\"><\/div>\n<p><script>\/\/ <![CDATA[\n(function(d, s, id) { var js, fjs = d.getElementsByTagName(s)[0]; if (d.getElementById(id)) return; js = d.createElement(s); js.id = id; js.src = \"\/\/connect.facebook.net\/es_ES\/sdk.js#xfbml=1&#038;version=v2.3\"; fjs.parentNode.insertBefore(js, fjs);}(document, 'script', 'facebook-jssdk'));\n\/\/ ]]><\/script><\/p>\n<div class=\"fb-post\" data-href=\"https:\/\/www.facebook.com\/GianluigiBuffon\/posts\/966101773478500:0\" data-width=\"500\">\n<div class=\"fb-xfbml-parse-ignore\">\n<blockquote cite=\"https:\/\/www.facebook.com\/GianluigiBuffon\/posts\/966101773478500:0\"><p>Nessun record \u00e8 figlio di un singolo e non si \u00e8 numeri 1 fuori da un gruppo: allora voglio dire grazie a\u2026\u2026Neto per la&#8230;<\/p>\n<p>Posted by <a href=\"https:\/\/www.facebook.com\/GianluigiBuffon\/\">Gianluigi Buffon<\/a> on\u00a0<a href=\"https:\/\/www.facebook.com\/GianluigiBuffon\/posts\/966101773478500:0\">Domingo, 20 de marzo de 2016<\/a><\/p><\/blockquote>\n<\/div>\n<\/div>\n<p>&#8220;Ning\u00fan r\u00e9cord de esta clase es posible si no se tiene la ayuda de un grupo&#8221;, public\u00f3 el arquero en redes sociales, quien reparti\u00f3 elogios de primer nivel.<\/p>\n<p>&#8220;Entonces quiero decir gracias a&#8230;<\/p>\n<p>Neto: Por la tranquilidad que da al equipo cada vez que sale al terreno de juego.<br \/>\nRubinho: L\u00edder paciente y silencioso.<br \/>\nMart\u00edn C\u00e1ceres: Por el entusiasmo que muestra en los momentos m\u00e1s dif\u00edciles.<br \/>\nAlex Sandro: Verle regatear es siempre un placer.<br \/>\nBarzagli: Futbolista al que hay que clonar inmediatamente.<br \/>\nBonucci: Por su personalidad, con la cabeza alta siempre al servicio del equipo.<br \/>\n<span class=\"_50f4\">Chiello: porque nunca pierde la clase.<\/span><br \/>\nRugani: Porque saber escuchar es un don raro.<br \/>\nLichtsteiner: Las piernas y los pulmones de esta <em>Juve.<\/em><br \/>\nEvra: Si no estuviera, habr\u00eda que comprarlo.<br \/>\nKhedira: El hombre justo siempre en el momento justo.<br \/>\nMarchisio: El \u00fanico jugador que conozco de color blanco y negro.<br \/>\nPogba: Porque no vive el futbol, lo inventa.<br \/>\nHernanes: Porque cada equipo debe tener su propio profeta.<br \/>\nLemina: Simplemente, uno de la Juve.<br \/>\nPadoin: Donde lo pones funciona, y funciona muy bien.<br \/>\nAsamoah: Sus ganas son m\u00e1s fuertes que cualquier lesi\u00f3n.<br \/>\nSturaro: Lucha, cae, se levanta y siempre ganar\u00e1.<br \/>\nPereyra: Porque la fantas\u00eda es la sal de este deporte.<br \/>\nZaza: Nacido para anotar desde cualquier posici\u00f3n.<br \/>\nMorata: Siempre se le necesita.<br \/>\nCuadrado: Porque cada vez que sale parece decir \u201catr\u00e1pame si puedes\u201d.<br \/>\nMandzukic: El primero en atacar y siempre el primero en defender.<br \/>\nDybala: Si despu\u00e9s de Thuram, Zidane y Pirlo el \u201921\u2019 le ha llegado a \u00e9l, alg\u00fan motivo habr\u00e1.<br \/>\nAl Mister: Un ganador en el templo de los ganadores.&#8221;<\/p>\n","protected":false},"excerpt":{"rendered":"<p>El m\u00edtico arquero homenaje\u00f3 uno por uno a sus compa\u00f1eros de la Juve<\/p>\n","protected":false},"author":20,"featured_media":382655,"comment_status":"closed","ping_status":"closed","sticky":false,"template":"","format":"standard","meta":[],"categories":[3839,3848,5951],"tags":[6027,5999],"_links":{"self":[{"href":"http:\/\/desarrollo.grupomedios.com\/futbol\/wp-json\/wp\/v2\/posts\/382652"}],"collection":[{"href":"http:\/\/desarrollo.grupomedios.com\/futbol\/wp-json\/wp\/v2\/posts"}],"about":[{"href":"http:\/\/desarrollo.grupomedios.com\/futbol\/wp-json\/wp\/v2\/types\/post"}],"author":[{"embeddable":true,"href":"http:\/\/desarrollo.grupomedios.com\/futbol\/wp-json\/wp\/v2\/users\/20"}],"replies":[{"embeddable":true,"href":"http:\/\/desarrollo.grupomedios.com\/futbol\/wp-json\/wp\/v2\/comments?post=382652"}],"version-history":[{"count":0,"href":"http:\/\/desarrollo.grupomedios.com\/futbol\/wp-json\/wp\/v2\/posts\/382652\/revisions"}],"wp:featuredmedia":[{"embeddable":true,"href":"http:\/\/desarrollo.grupomedios.com\/futbol\/wp-json\/wp\/v2\/media\/382655"}],"wp:attachment":[{"href":"http:\/\/desarrollo.grupomedios.com\/futbol\/wp-json\/wp\/v2\/media?parent=382652"}],"wp:term":[{"taxonomy":"category","embeddable":true,"href":"http:\/\/desarrollo.grupomedios.com\/futbol\/wp-json\/wp\/v2\/categories?post=382652"},{"taxonomy":"post_tag","embeddable":true,"href":"http:\/\/desarrollo.grupomedios.com\/futbol\/wp-json\/wp\/v2\/tags?post=382652"}],"curies":[{"name":"wp","href":"https:\/\/api.w.org\/{rel}","templated":true}]}}